{"id":137,"date":"2010-03-19T20:06:00","date_gmt":"2010-03-19T20:06:00","guid":{"rendered":"http:\/\/blogs.diariosur.es\/tuenti-facebook\/?p=137"},"modified":"2010-03-19T20:06:00","modified_gmt":"2010-03-19T20:06:00","slug":"descarga-ps3-media-server-y-comparte-archivoc-con-tu-pc-y-mac","status":"publish","type":"post","link":"https:\/\/blogs.diariosur.es\/soyfriki\/2010\/03\/19\/descarga-ps3-media-server-y-comparte-archivoc-con-tu-pc-y-mac\/","title":{"rendered":"Descarga PS3 Media Server y comparte archivos con tu PC y MAC"},"content":{"rendered":"<p><meta http-equiv=\"Content-Type\" content=\"text\/html; charset=utf-8\"><meta name=\"ProgId\" content=\"Word.Document\"><meta name=\"Generator\" content=\"Microsoft Word 11\"><meta name=\"Originator\" content=\"Microsoft Word 11\"><link rel=\"File-List\" href=\"file:\/\/\/C:%5CDOCUME%7E1%5CADELOS%7E1%5CCONFIG%7E1%5CTemp%5Cmsohtml1%5C01%5Cclip_filelist.xml\"><o:smarttagtype namespaceuri=\"urn:schemas-microsoft-com:office:smarttags\" name=\"PersonName\"><\/o:smarttagtype>  <\/p>\n<p class=\"MsoNormal\"><IMG src=\"\/soyfriki\/wp-content\/uploads\/sites\/14\" id=\"img_0\" class=\"imgdcha\" height=\"278\" width=\"220\">S\u00e9 que es un tema m\u00e1s propio de mis compis d<A href=\"..\/tryagain\/\" title=\"http:\/\/blogs.diariosur.es\/tryagain\/\" id=\"link_0\">el blog de videojuegos, Try Again<\/a> , pero desde que comparto m\u00fasica, fotos y v\u00eddeos a mi PS3 con mi PC y mi MAC, estoy la mar de contento. <A href=\"http:\/\/comunidad.diariosur.es\/perfil.php?user=JuanjoFernandez\" title=\"http:\/\/comunidad.diariosur.es\/perfil.php?user=JuanjoFernandez\" id=\"link_1\">Juanjo<\/a> , compi de trabajo, me descubri\u00f3 PS3 Media Server: una forma de tener un centro multimedia que con un par de clicks, sin instalaciones ni cables<st1:personname productid=\"la TV.\" w:st=\"on\">.<\/st1:personname><\/p>\n<p class=\"MsoNormal\">Lo que hace la aplicaci\u00f3n es crear un servidor \u2013como su nombre indica- de manera que podamos visualizar nuestros archivos de m\u00fasica al igual que fotos y v\u00eddeos desde nuestra PS3-TV. Lo mejor es que puedes seleccionar qu\u00e9 parte de tu disco duro <span style=\"\"><\/span>quieres compartir. Y mejor todav\u00eda, que es multiplataforma y est\u00e1 en espa\u00f1ol.<\/p>\n<p class=\"MsoNormal\"><o:p>Recomendado<br \/>\n<\/o:p><\/p>\n<div style=\"text-align: center;\"><A href=\"http:\/\/code.google.com\/p\/ps3mediaserver\/downloads\/list\" title=\"http:\/\/code.google.com\/p\/ps3mediaserver\/downloads\/list\" id=\"link_3\">< Descarga PS3 Media Server aqu\u00ed ><\/a> <\/div>\n<p class=\"MsoNormal\">\n","protected":false},"excerpt":{"rendered":"<p>S\u00e9 que es un tema m\u00e1s propio de mis compis del blog de videojuegos, Try Again , pero desde que comparto m\u00fasica, fotos y v\u00eddeos a mi PS3 con mi PC y mi MAC, estoy la mar de contento. Juanjo , compi de trabajo, me descubri\u00f3 PS3 Media Server: una forma de tener un centro [&hellip;]<\/p>\n","protected":false},"author":7,"featured_media":0,"comment_status":"open","ping_status":"closed","sticky":false,"template":"","format":"standard","meta":[],"categories":[9],"tags":[278,350,373],"_links":{"self":[{"href":"https:\/\/blogs.diariosur.es\/soyfriki\/wp-json\/wp\/v2\/posts\/137"}],"collection":[{"href":"https:\/\/blogs.diariosur.es\/soyfriki\/wp-json\/wp\/v2\/posts"}],"about":[{"href":"https:\/\/blogs.diariosur.es\/soyfriki\/wp-json\/wp\/v2\/types\/post"}],"author":[{"embeddable":true,"href":"https:\/\/blogs.diariosur.es\/soyfriki\/wp-json\/wp\/v2\/users\/7"}],"replies":[{"embeddable":true,"href":"https:\/\/blogs.diariosur.es\/soyfriki\/wp-json\/wp\/v2\/comments?post=137"}],"version-history":[{"count":0,"href":"https:\/\/blogs.diariosur.es\/soyfriki\/wp-json\/wp\/v2\/posts\/137\/revisions"}],"wp:attachment":[{"href":"https:\/\/blogs.diariosur.es\/soyfriki\/wp-json\/wp\/v2\/media?parent=137"}],"wp:term":[{"taxonomy":"category","embeddable":true,"href":"https:\/\/blogs.diariosur.es\/soyfriki\/wp-json\/wp\/v2\/categories?post=137"},{"taxonomy":"post_tag","embeddable":true,"href":"https:\/\/blogs.diariosur.es\/soyfriki\/wp-json\/wp\/v2\/tags?post=137"}],"curies":[{"name":"wp","href":"https:\/\/api.w.org\/{rel}","templated":true}]}}