{"id":141,"date":"2010-03-30T20:55:00","date_gmt":"2010-03-30T20:55:00","guid":{"rendered":"http:\/\/blogs.diariosur.es\/tuenti-facebook\/?p=141"},"modified":"2010-03-30T20:55:00","modified_gmt":"2010-03-30T20:55:00","slug":"conferencia-internacional-software-libre-2010-malaga","status":"publish","type":"post","link":"https:\/\/blogs.diariosur.es\/soyfriki\/2010\/03\/30\/conferencia-internacional-software-libre-2010-malaga\/","title":{"rendered":"Conferencia Internacional de Software Libre 2010, en M\u00e1laga en octubre (opensourceworldconference.com)"},"content":{"rendered":"<p><IMG src=\"\/soyfriki\/wp-content\/uploads\/sites\/14\" id=\"img_0\" class=\"imgdcha\" width=\"362\" height=\"181\">La <A href=\"http:\/\/opensourceworldconference.com\/\" title=\"http:\/\/opensourceworldconference.com\" id=\"link_1\">Conferencia Internacional de Software Libre 2009<\/a>  cerraba el a\u00f1o pasado sus puertas en C\u00e1ceres, con la participaci\u00f3n de m\u00e1s de 1.000 asistentes y m\u00e1s de 80 ponentes de distintos \u00e1mbitos. <\/p>\n<p>Tres d\u00edas intensos, llenos de conocimiento y mucha gente con ganas de situar al software libre en los lugares m\u00e1s destacados.<\/p>\n<p>Ya se est\u00e1 trabajando en la Conferencia Internacional de Software Libre 2010, que tendr\u00e1 lugar en M\u00e1laga del 27 al 29 de octubre de 2010 seg\u00fan se apunta ya desde la organizaci\u00f3n. Un encuentro que viene a aportar valor a este software y que <A href=\"http:\/\/malaga04.opensourceworldconference.com\/\" title=\"http:\/\/malaga04.opensourceworldconference.com\" id=\"link_0\">ya visit\u00f3 M\u00e1laga en el a\u00f1o 2004 y 2008<\/a>.<\/p>\n<p>Permaneceremos muy atentos. ;)<\/p>\n","protected":false},"excerpt":{"rendered":"<p>La Conferencia Internacional de Software Libre 2009 cerraba el a\u00f1o pasado sus puertas en C\u00e1ceres, con la participaci\u00f3n de m\u00e1s de 1.000 asistentes y m\u00e1s de 80 ponentes de distintos \u00e1mbitos. Tres d\u00edas intensos, llenos de conocimiento y mucha gente con ganas de situar al software libre en los lugares m\u00e1s destacados. Ya se est\u00e1 [&hellip;]<\/p>\n","protected":false},"author":7,"featured_media":0,"comment_status":"open","ping_status":"closed","sticky":false,"template":"","format":"standard","meta":[],"categories":[9],"tags":[20,106,243],"_links":{"self":[{"href":"https:\/\/blogs.diariosur.es\/soyfriki\/wp-json\/wp\/v2\/posts\/141"}],"collection":[{"href":"https:\/\/blogs.diariosur.es\/soyfriki\/wp-json\/wp\/v2\/posts"}],"about":[{"href":"https:\/\/blogs.diariosur.es\/soyfriki\/wp-json\/wp\/v2\/types\/post"}],"author":[{"embeddable":true,"href":"https:\/\/blogs.diariosur.es\/soyfriki\/wp-json\/wp\/v2\/users\/7"}],"replies":[{"embeddable":true,"href":"https:\/\/blogs.diariosur.es\/soyfriki\/wp-json\/wp\/v2\/comments?post=141"}],"version-history":[{"count":0,"href":"https:\/\/blogs.diariosur.es\/soyfriki\/wp-json\/wp\/v2\/posts\/141\/revisions"}],"wp:attachment":[{"href":"https:\/\/blogs.diariosur.es\/soyfriki\/wp-json\/wp\/v2\/media?parent=141"}],"wp:term":[{"taxonomy":"category","embeddable":true,"href":"https:\/\/blogs.diariosur.es\/soyfriki\/wp-json\/wp\/v2\/categories?post=141"},{"taxonomy":"post_tag","embeddable":true,"href":"https:\/\/blogs.diariosur.es\/soyfriki\/wp-json\/wp\/v2\/tags?post=141"}],"curies":[{"name":"wp","href":"https:\/\/api.w.org\/{rel}","templated":true}]}}