{"id":142,"date":"2010-03-31T13:28:00","date_gmt":"2010-03-31T13:28:00","guid":{"rendered":"http:\/\/blogs.diariosur.es\/tuenti-facebook\/?p=142"},"modified":"2010-03-31T13:28:00","modified_gmt":"2010-03-31T13:28:00","slug":"facebook-cambia-anunciantes-ser-fan-me-gusta","status":"publish","type":"post","link":"https:\/\/blogs.diariosur.es\/soyfriki\/2010\/03\/31\/facebook-cambia-anunciantes-ser-fan-me-gusta\/","title":{"rendered":"Facebook cambia para anunciantes ser &#039;fan&#039;, por &#039;me gusta&#039;"},"content":{"rendered":"<p><A href=\"http:\/\/www.facebook.com\/home.php#\/pages\/SURes\/52107727250\" title=\"http:\/\/www.facebook.com\/home.php#\/pages\/SURes\/52107727250\" id=\"link_1\"><IMG class=\"imgdcha\" src=\"\/\/www.getreligion.org\/wp-content\/photos\/Left_thumbs_down.jpg\" id=\"img_1\" width=\"284\" height=\"354\">Facebook <\/a> ha dado el toque a sus anunciantes. Les ha avisado que convertirse en &#8220;fan&#8221; pasar\u00e1 ahora a &#8220;me gusta&#8221; (lo del dedito para arriba), seg\u00fan leemos en <A href=\"http:\/\/mediamemo.allthingsd.com\/20100329\/facebook-waves-off-fan-gives-like-a-thumbs-up\/\" title=\"http:\/\/mediamemo.allthingsd.com\/20100329\/facebook-waves-off-fan-gives-like-a-thumbs-up\/\" id=\"link_0\">&#8216;mediamemo&#8217;<\/a>.  Esto es algo que no se sabe si beneficiar\u00e1 o perjudicar\u00e1 a las grandes marcas denominadas &#8220;ventilador&#8221;. S\u00ed, esas que usan la red social para captar clientes.<\/p>\n<p>Las p\u00e1ginas de fans son una parte cada vez m\u00e1s grande del negocio Facebook. Las marcas crean su sitio de forma gratuita, pero Facebook les anima a comprar anuncios.<\/p>\n<p>La duda es qu\u00e9 ocurrir\u00e1 con el cambio de verbo. Facebook dice que &#8220;me gusta&#8221; aparece en muchos m\u00e1s contextos que &#8220;soy fan&#8221;. Por ejemplo en fotos o actualzaciones de estado. Adem\u00e1s, los desarrolladores quieren que &#8220;me gusta&#8221; se convierta en un bot\u00f3n para interactuar en todas las plataformas Facebook. <\/p>\n<p>Al final todo lo mueve el dinero, y la intenci\u00f3n de conseguir m\u00e1s inserciones publicitarias, pero ya veremos c\u00f3mo resulta todo esto con el paso de las semanas.<\/p>\n","protected":false},"excerpt":{"rendered":"<p>Facebook ha dado el toque a sus anunciantes. Les ha avisado que convertirse en &#8220;fan&#8221; pasar\u00e1 ahora a &#8220;me gusta&#8221; (lo del dedito para arriba), seg\u00fan leemos en &#8216;mediamemo&#8217;. Esto es algo que no se sabe si beneficiar\u00e1 o perjudicar\u00e1 a las grandes marcas denominadas &#8220;ventilador&#8221;. S\u00ed, esas que usan la red social para captar [&hellip;]<\/p>\n","protected":false},"author":7,"featured_media":0,"comment_status":"open","ping_status":"closed","sticky":false,"template":"","format":"standard","meta":[],"categories":[9],"tags":[165,169,375],"_links":{"self":[{"href":"https:\/\/blogs.diariosur.es\/soyfriki\/wp-json\/wp\/v2\/posts\/142"}],"collection":[{"href":"https:\/\/blogs.diariosur.es\/soyfriki\/wp-json\/wp\/v2\/posts"}],"about":[{"href":"https:\/\/blogs.diariosur.es\/soyfriki\/wp-json\/wp\/v2\/types\/post"}],"author":[{"embeddable":true,"href":"https:\/\/blogs.diariosur.es\/soyfriki\/wp-json\/wp\/v2\/users\/7"}],"replies":[{"embeddable":true,"href":"https:\/\/blogs.diariosur.es\/soyfriki\/wp-json\/wp\/v2\/comments?post=142"}],"version-history":[{"count":0,"href":"https:\/\/blogs.diariosur.es\/soyfriki\/wp-json\/wp\/v2\/posts\/142\/revisions"}],"wp:attachment":[{"href":"https:\/\/blogs.diariosur.es\/soyfriki\/wp-json\/wp\/v2\/media?parent=142"}],"wp:term":[{"taxonomy":"category","embeddable":true,"href":"https:\/\/blogs.diariosur.es\/soyfriki\/wp-json\/wp\/v2\/categories?post=142"},{"taxonomy":"post_tag","embeddable":true,"href":"https:\/\/blogs.diariosur.es\/soyfriki\/wp-json\/wp\/v2\/tags?post=142"}],"curies":[{"name":"wp","href":"https:\/\/api.w.org\/{rel}","templated":true}]}}