{"id":143,"date":"2010-04-07T13:53:00","date_gmt":"2010-04-07T13:53:00","guid":{"rendered":"http:\/\/blogs.diariosur.es\/tuenti-facebook\/?p=143"},"modified":"2010-04-07T13:53:00","modified_gmt":"2010-04-07T13:53:00","slug":"el-programa-prueba-del-beta-microsoft-office-2010-listo","status":"publish","type":"post","link":"https:\/\/blogs.diariosur.es\/soyfriki\/2010\/04\/07\/el-programa-prueba-del-beta-microsoft-office-2010-listo\/","title":{"rendered":"El programa de prueba del beta de Microsoft Office 2010, listo"},"content":{"rendered":"<p><A href=\"http:\/\/www.microsoft.com\/spain\/\" title=\"http:\/\/www.microsoft.com\/spain\/ \" id=\"link_0\"><IMG class=\"imgdcha\" src=\"\/\/www.microsoft.com\/library\/toolbar\/3.0\/images\/banners\/office_masthead_ltr.gif\" id=\"img_0\" height=\"54\" width=\"266\">Microsoft <\/a> ha anunciando el final del programa de prueba con la versi\u00f3n beta de <A href=\"http:\/\/www.microsoft.com\/Spain\/office\/\" title=\"http:\/\/www.microsoft.com\/Spain\/office\/\" id=\"link_2\">Office 2010<\/a>. La fecha de finalizaci\u00f3n anunciada ser\u00e1 la del 30 de abril. Un mes m\u00e1s tarde ser\u00eda la fecha prevista para su presentaci\u00f3n oficial.<\/p>\n<p>Informa <A href=\"http:\/\/muycomputer.com\/\" title=\"http:\/\/muycomputer.com\/\" id=\"link_1\">Muycomputer <\/a> que algunos usuarios de Microsoft que han participado en la campa\u00f1a de prueba est\u00e1n recibiendo ya mensajes de correo de agradecimiento por parte de Microsoft que anuncian el final del programa para el d\u00eda 30 de abril. Por lo visto, afirma la publicaci\u00f3n, <strong>&#8220;un producto muy terminado que deja buenas sensaciones&#8221;<\/strong>. Existe una versi\u00f3n RC de Office 2010, distribuida a un c\u00edrculo muy restringido de probadores.<\/p>\n","protected":false},"excerpt":{"rendered":"<p>Microsoft ha anunciando el final del programa de prueba con la versi\u00f3n beta de Office 2010. La fecha de finalizaci\u00f3n anunciada ser\u00e1 la del 30 de abril. Un mes m\u00e1s tarde ser\u00eda la fecha prevista para su presentaci\u00f3n oficial. Informa Muycomputer que algunos usuarios de Microsoft que han participado en la campa\u00f1a de prueba est\u00e1n [&hellip;]<\/p>\n","protected":false},"author":7,"featured_media":0,"comment_status":"open","ping_status":"closed","sticky":false,"template":"","format":"standard","meta":[],"categories":[9],"tags":[303,334],"_links":{"self":[{"href":"https:\/\/blogs.diariosur.es\/soyfriki\/wp-json\/wp\/v2\/posts\/143"}],"collection":[{"href":"https:\/\/blogs.diariosur.es\/soyfriki\/wp-json\/wp\/v2\/posts"}],"about":[{"href":"https:\/\/blogs.diariosur.es\/soyfriki\/wp-json\/wp\/v2\/types\/post"}],"author":[{"embeddable":true,"href":"https:\/\/blogs.diariosur.es\/soyfriki\/wp-json\/wp\/v2\/users\/7"}],"replies":[{"embeddable":true,"href":"https:\/\/blogs.diariosur.es\/soyfriki\/wp-json\/wp\/v2\/comments?post=143"}],"version-history":[{"count":0,"href":"https:\/\/blogs.diariosur.es\/soyfriki\/wp-json\/wp\/v2\/posts\/143\/revisions"}],"wp:attachment":[{"href":"https:\/\/blogs.diariosur.es\/soyfriki\/wp-json\/wp\/v2\/media?parent=143"}],"wp:term":[{"taxonomy":"category","embeddable":true,"href":"https:\/\/blogs.diariosur.es\/soyfriki\/wp-json\/wp\/v2\/categories?post=143"},{"taxonomy":"post_tag","embeddable":true,"href":"https:\/\/blogs.diariosur.es\/soyfriki\/wp-json\/wp\/v2\/tags?post=143"}],"curies":[{"name":"wp","href":"https:\/\/api.w.org\/{rel}","templated":true}]}}