{"id":144,"date":"2010-04-09T20:15:00","date_gmt":"2010-04-09T20:15:00","guid":{"rendered":"http:\/\/blogs.diariosur.es\/tuenti-facebook\/?p=144"},"modified":"2010-04-09T20:15:00","modified_gmt":"2010-04-09T20:15:00","slug":"aguirre-lia-twitter-con-aguirrefacts-despues-su-yo","status":"publish","type":"post","link":"https:\/\/blogs.diariosur.es\/soyfriki\/2010\/04\/09\/aguirre-lia-twitter-con-aguirrefacts-despues-su-yo\/","title":{"rendered":"Aguirre la l\u00eda en Twitter con #aguirrefacts despu\u00e9s de su &#039;yo destap\u00e9 la trama G\u00fcrtel&#039;"},"content":{"rendered":"<p><IMG class=\"imgdcha\" src=\"\/\/video.diariosur.es\/jpg\/7\/0\/1227384181207.jpg\" id=\"img_0\" height=\"207\" width=\"275\">Esperanza Aguirre la ha liado parda en Twitter. Despu\u00e9s de su ya casi hist\u00f3rica frase de &#8220;Yo destap\u00e9 la trama G\u00fcrtel&#8221;, se ha cread o el <cite>Hashtag #a<\/cite>guirrefacts&#8221;, donde los usuarios twittean frases de corte sarc\u00e1stico como &#8220;Yo par\u00ed a Chuck Norris&#8221; o &#8220;Yo oper\u00e9 a Belen Esteban&#8221;. Incluso, encontramos algunos de tono muy malague\u00f1o como &#8220;Yo me com\u00ed un plato de los montes en el Bulli&#8221;.<\/p>\n<p>Visto que cada minuto hay un post nuevo, Esperanza Aguirre se ha sumado con dos contribuciones desde su propio Twitter: &#8220;Yo compuse la canci\u00f3n de cumplea\u00f1os feliz&#8230; y se la cant\u00e9 a Rubalcaba&#8221; y &#8220;Yo puse de moda los calcetines blancos con sandalias&#8221;. Fuentes de la Comunidad de Madrid han declarado al diario <A href=\"http:\/\/www.publico.es\/espana\/305178\/aguirre\/entra\/juego\/puse\/moda\/calcetines\/blancos\/sandalias\" title=\"http:\/\/www.publico.es\/espana\/305178\/aguirre\/entra\/juego\/puse\/moda\/calcetines\/blancos\/sandalias\" id=\"link_0\">P\u00fablico.es<\/a>  que los tweets han partido de la sede del Gobierno madrile\u00f1o.<\/p>\n","protected":false},"excerpt":{"rendered":"<p>Esperanza Aguirre la ha liado parda en Twitter. Despu\u00e9s de su ya casi hist\u00f3rica frase de &#8220;Yo destap\u00e9 la trama G\u00fcrtel&#8221;, se ha cread o el Hashtag #aguirrefacts&#8221;, donde los usuarios twittean frases de corte sarc\u00e1stico como &#8220;Yo par\u00ed a Chuck Norris&#8221; o &#8220;Yo oper\u00e9 a Belen Esteban&#8221;. Incluso, encontramos algunos de tono muy malague\u00f1o [&hellip;]<\/p>\n","protected":false},"author":7,"featured_media":0,"comment_status":"open","ping_status":"closed","sticky":false,"template":"","format":"standard","meta":[],"categories":[9],"tags":[29,483],"_links":{"self":[{"href":"https:\/\/blogs.diariosur.es\/soyfriki\/wp-json\/wp\/v2\/posts\/144"}],"collection":[{"href":"https:\/\/blogs.diariosur.es\/soyfriki\/wp-json\/wp\/v2\/posts"}],"about":[{"href":"https:\/\/blogs.diariosur.es\/soyfriki\/wp-json\/wp\/v2\/types\/post"}],"author":[{"embeddable":true,"href":"https:\/\/blogs.diariosur.es\/soyfriki\/wp-json\/wp\/v2\/users\/7"}],"replies":[{"embeddable":true,"href":"https:\/\/blogs.diariosur.es\/soyfriki\/wp-json\/wp\/v2\/comments?post=144"}],"version-history":[{"count":0,"href":"https:\/\/blogs.diariosur.es\/soyfriki\/wp-json\/wp\/v2\/posts\/144\/revisions"}],"wp:attachment":[{"href":"https:\/\/blogs.diariosur.es\/soyfriki\/wp-json\/wp\/v2\/media?parent=144"}],"wp:term":[{"taxonomy":"category","embeddable":true,"href":"https:\/\/blogs.diariosur.es\/soyfriki\/wp-json\/wp\/v2\/categories?post=144"},{"taxonomy":"post_tag","embeddable":true,"href":"https:\/\/blogs.diariosur.es\/soyfriki\/wp-json\/wp\/v2\/tags?post=144"}],"curies":[{"name":"wp","href":"https:\/\/api.w.org\/{rel}","templated":true}]}}