{"id":149,"date":"2010-05-13T10:57:00","date_gmt":"2010-05-13T10:57:00","guid":{"rendered":"http:\/\/blogs.diariosur.es\/tuenti-facebook\/?p=149"},"modified":"2010-05-13T10:57:00","modified_gmt":"2010-05-13T10:57:00","slug":"malagatwit-y-noche-blanco-malaga-2010-la-mano","status":"publish","type":"post","link":"https:\/\/blogs.diariosur.es\/soyfriki\/2010\/05\/13\/malagatwit-y-noche-blanco-malaga-2010-la-mano\/","title":{"rendered":"M\u00e1laga Twit y la Noche en Blanco M\u00e1laga 2010, de la mano"},"content":{"rendered":"<p> <meta http-equiv=\"Content-Type\" content=\"text\/html; charset=utf-8\"><meta name=\"ProgId\" content=\"Word.Document\"><meta name=\"Generator\" content=\"Microsoft Word 11\"><meta name=\"Originator\" content=\"Microsoft Word 11\"><link rel=\"File-List\" href=\"file:\/\/\/C:%5CDOCUME%7E1%5CADELOS%7E1%5CCONFIG%7E1%5CTemp%5Cmsohtml1%5C01%5Cclip_filelist.xml\">\n<p class=\"MsoNormal\"><IMG src=\"\/soyfriki\/wp-content\/uploads\/sites\/14\" id=\"img_0\" class=\"imgdcha\" height=\"93\" width=\"220\">La <A href=\"..\/the-b-side\/2010\/5\/7\/conciertos-la-noche-blanco-malaga-2010-lori-meyers-\" title=\"http:\/\/blogs.diariosur.es\/the-b-side\/2010\/5\/7\/conciertos-la-noche-blanco-malaga-2010-lori-meyers-\" id=\"link_0\">tercera edici\u00f3n de la Noche en Blanco de M\u00e1laga <\/a> tercera edici\u00f3n de la Noche en Blanco de M\u00e1laga se celebra el pr\u00f3ximo s\u00e1bado 15 de mayo y la <A href=\"http:\/\/malagatwit.com\/\" target=\"_blank\">M\u00e1lagaTwit<\/a> se sube al carro, con la colaboraci\u00f3n de <A href=\"http:\/\/www.lamadredelosbeatles.com\/\" target=\"_blank\">La Madre de los Beatles<\/a>, que dise\u00f1ar\u00e1 un itinerario exclusivo para los Twitter malague\u00f1os. Para quien no lo sepa, M\u00e1lagaTwit es un encuentro mensual de usuarios de Twitter malague\u00f1os, con una cuenta en esta red social y muchas ganas de pasarlo bien.<\/p>\n<p class=\"MsoNormal\">La velada de la MalagaTwit se inicia a las 18:30 horas en la <A href=\"http:\/\/directorio.edicosma.com\/empresa\/?ido=615\" target=\"_blank\">Teter\u00eda la Manquita<\/a> para tomar un t\u00e9 y charlar un poco, como siempre. A las 20 horas comenzar\u00eda un itinerario exclusivo Twittero por <span style=\"\"> <\/span>la Noche en Blanco, pensado especialmente para poder sacar partido a las c\u00e1maras convirti\u00e9ndolo en una salida fotogr\u00e1fica. El itinerario acabar\u00eda a las 12 en el <A href=\"http:\/\/www.lanocheenblancomalaga.com\/?p=376\" target=\"_blank\">concierto de Lori Meyers<\/a>. <\/p>\n<p class=\"MsoNormal\">\n<p class=\"MsoNormal\"><IMG src=\"\/\/malagatwit.com\/wp-content\/uploads\/2010\/05\/malagatwitenblanco.jpg\" id=\"img_1\" height=\"105\" width=\"592\"><\/p>\n<p class=\"MsoNormal\"><strong>Toma nota: MalagaTwitt en Blanco<\/strong><\/p>\n<p class=\"MsoNormal\">Hora: 18.30 en la Teter\u00eda La Manquita, en el centro de M\u00e1laga<br \/>\n Itinerario: Comienza a las 20 horas y termina a las 12 de la noche.<br \/>\nConfirmaci\u00f3n: \u00danete a <A href=\"http:\/\/www.facebook.com\/event.php?eid=116300461742826\" target=\"_blank\">este evento en Facebook <\/a>o deja un comentario en la <A href=\"http:\/\/malagatwit.com\/\" target=\"_blank\">MalagaTwit<\/a>.<br \/>\nTodo el itinerario aqu\u00ed: <A href=\"http:\/\/www.lanocheenblancomalaga.com\/?p=570\" title=\"http:\/\/www.lanocheenblancomalaga.com\/?p=570\" id=\"link_0\">lanocheenblancomalaga.com<\/a><\/p>\n","protected":false},"excerpt":{"rendered":"<p>La tercera edici\u00f3n de la Noche en Blanco de M\u00e1laga tercera edici\u00f3n de la Noche en Blanco de M\u00e1laga se celebra el pr\u00f3ximo s\u00e1bado 15 de mayo y la M\u00e1lagaTwit se sube al carro, con la colaboraci\u00f3n de La Madre de los Beatles, que dise\u00f1ar\u00e1 un itinerario exclusivo para los Twitter malague\u00f1os. Para quien no [&hellip;]<\/p>\n","protected":false},"author":7,"featured_media":0,"comment_status":"open","ping_status":"closed","sticky":false,"template":"","format":"standard","meta":[],"categories":[9],"tags":[165,281,283,483],"_links":{"self":[{"href":"https:\/\/blogs.diariosur.es\/soyfriki\/wp-json\/wp\/v2\/posts\/149"}],"collection":[{"href":"https:\/\/blogs.diariosur.es\/soyfriki\/wp-json\/wp\/v2\/posts"}],"about":[{"href":"https:\/\/blogs.diariosur.es\/soyfriki\/wp-json\/wp\/v2\/types\/post"}],"author":[{"embeddable":true,"href":"https:\/\/blogs.diariosur.es\/soyfriki\/wp-json\/wp\/v2\/users\/7"}],"replies":[{"embeddable":true,"href":"https:\/\/blogs.diariosur.es\/soyfriki\/wp-json\/wp\/v2\/comments?post=149"}],"version-history":[{"count":0,"href":"https:\/\/blogs.diariosur.es\/soyfriki\/wp-json\/wp\/v2\/posts\/149\/revisions"}],"wp:attachment":[{"href":"https:\/\/blogs.diariosur.es\/soyfriki\/wp-json\/wp\/v2\/media?parent=149"}],"wp:term":[{"taxonomy":"category","embeddable":true,"href":"https:\/\/blogs.diariosur.es\/soyfriki\/wp-json\/wp\/v2\/categories?post=149"},{"taxonomy":"post_tag","embeddable":true,"href":"https:\/\/blogs.diariosur.es\/soyfriki\/wp-json\/wp\/v2\/tags?post=149"}],"curies":[{"name":"wp","href":"https:\/\/api.w.org\/{rel}","templated":true}]}}