{"id":151,"date":"2010-05-20T11:50:00","date_gmt":"2010-05-20T11:50:00","guid":{"rendered":"http:\/\/blogs.diariosur.es\/tuenti-facebook\/?p=151"},"modified":"2010-05-20T11:50:00","modified_gmt":"2010-05-20T11:50:00","slug":"el-apoyo-paco-gonzalez-facebook-y-twitter","status":"publish","type":"post","link":"https:\/\/blogs.diariosur.es\/soyfriki\/2010\/05\/20\/el-apoyo-paco-gonzalez-facebook-y-twitter\/","title":{"rendered":"El apoyo a Paco Gonz\u00e1lez en Facebook y Twitter"},"content":{"rendered":"<p>Paco Gonz\u00e1lez, el \u00faltimo fen\u00f3meno <A href=\"http:\/\/twitter.com\/\" title=\"http:\/\/twitter.com\" id=\"link_0\">twittero <\/a> y de <A href=\"http:\/\/facebook.com\/\" title=\"http:\/\/facebook.com\" id=\"link_1\">facebook<\/a>, ya se ha despedido oficialmente en su <A href=\"http:\/\/www.facebook.com\/group.php?gid=120955631262684&#038;v=wall&#038;story_fbid=124149977609916\" title=\"http:\/\/www.facebook.com\/group.php?gid=120955631262684&#038;v=wall&#038;story_fbid=124149977609916\" id=\"link_2\">Grupo de Apoyo a Paco Gonz\u00e1lez<\/a>  en Facebook: <\/p>\n<p><IMG class=\"imgdcha\" src=\"\/\/profile.ak.fbcdn.net\/object2\/921\/47\/n120955631262684_1315.jpg\" id=\"img_0\">&#8220;Han sido 23 a\u00f1os y uno siente que esa es su casa como uno siente que ese es su pueblo, no como una propiedad sino como un sentimiento. Pero se acab\u00f3. De todas las cosas que quiero decir la mas importante es que la palabra GRACIAS no sirve para expresaros lo que siento. A vosotros y a todos los que me han hecho llegar s&#8230;u cari\u00f1o. Es una mezcla de &#8220;Pero C\u00f3mo me van a querer as\u00ed?&#8221; con &#8220;paquito no leas m\u00e1s que lloras&#8221;. Os juro que tengo los pies en la tierra y que soy de los que piensan que hoy eres Paco onz\u00e1lez y dentro de un mes eres &#8220;Paco Qu\u00e9?&#8221; y pasado el tiempo eres &#8220;aquel chico tan majo como se llamaba?&#8221;- Pero me da igual. Vuestro cari\u00f1o me lo llevo puesto para toda la vida. Eso ya no me lo quita nadie. Ni vuestras inolvidables palabras sobres mis compa\u00f1eros&#8221;.<\/p>\n<p>Despu\u00e9s de esto, no han dejado de lloverle los mensajes de apoyo. 220 likers, m\u00e1s comentarios como &#8220;all\u00e1 donde vayas tendr\u00e1s m\u00e1s de 2 millones de personas escuchandote cada sabado y cada domingo&#8221; o &#8220;para nosotros es como si largan a CR9 del Madrid o Messi del Bar\u00e7a, no  lo lograremos entender&#8221;.<\/p>\n<p>Twitter, lleva todo el d\u00eda enviado mensajes de apoyo con la etiqueta <A href=\"http:\/\/twitter.com\/#search?q=%23pacogonzalez\" title=\"http:\/\/twitter.com\/#search?q=%23pacogonzalez\" id=\"link_3\">#pacogonzalez<\/a> , a ritmo de un twit cada 30 segundos. &#8220;Sinceramente no me esperaba otra cosa que la salida de #pacogonzalez de SER&#8221;, es de lo m\u00e1s suave que hemos o\u00eddo.<\/p>\n","protected":false},"excerpt":{"rendered":"<p>Paco Gonz\u00e1lez, el \u00faltimo fen\u00f3meno twittero y de facebook, ya se ha despedido oficialmente en su Grupo de Apoyo a Paco Gonz\u00e1lez en Facebook: &#8220;Han sido 23 a\u00f1os y uno siente que esa es su casa como uno siente que ese es su pueblo, no como una propiedad sino como un sentimiento. Pero se acab\u00f3. [&hellip;]<\/p>\n","protected":false},"author":7,"featured_media":0,"comment_status":"open","ping_status":"closed","sticky":false,"template":"","format":"standard","meta":[],"categories":[9],"tags":[83,165,483],"_links":{"self":[{"href":"https:\/\/blogs.diariosur.es\/soyfriki\/wp-json\/wp\/v2\/posts\/151"}],"collection":[{"href":"https:\/\/blogs.diariosur.es\/soyfriki\/wp-json\/wp\/v2\/posts"}],"about":[{"href":"https:\/\/blogs.diariosur.es\/soyfriki\/wp-json\/wp\/v2\/types\/post"}],"author":[{"embeddable":true,"href":"https:\/\/blogs.diariosur.es\/soyfriki\/wp-json\/wp\/v2\/users\/7"}],"replies":[{"embeddable":true,"href":"https:\/\/blogs.diariosur.es\/soyfriki\/wp-json\/wp\/v2\/comments?post=151"}],"version-history":[{"count":0,"href":"https:\/\/blogs.diariosur.es\/soyfriki\/wp-json\/wp\/v2\/posts\/151\/revisions"}],"wp:attachment":[{"href":"https:\/\/blogs.diariosur.es\/soyfriki\/wp-json\/wp\/v2\/media?parent=151"}],"wp:term":[{"taxonomy":"category","embeddable":true,"href":"https:\/\/blogs.diariosur.es\/soyfriki\/wp-json\/wp\/v2\/categories?post=151"},{"taxonomy":"post_tag","embeddable":true,"href":"https:\/\/blogs.diariosur.es\/soyfriki\/wp-json\/wp\/v2\/tags?post=151"}],"curies":[{"name":"wp","href":"https:\/\/api.w.org\/{rel}","templated":true}]}}