{"id":153,"date":"2010-06-01T11:12:00","date_gmt":"2010-06-01T11:12:00","guid":{"rendered":"http:\/\/blogs.diariosur.es\/tuenti-facebook\/?p=153"},"modified":"2010-06-01T11:12:00","modified_gmt":"2010-06-01T11:12:00","slug":"dia-sin-facebook-quit-facebook-day-escaso-seguimiento","status":"publish","type":"post","link":"https:\/\/blogs.diariosur.es\/soyfriki\/2010\/06\/01\/dia-sin-facebook-quit-facebook-day-escaso-seguimiento\/","title":{"rendered":"D\u00eda Sin Facebook -Quit Facebook Day- de escaso seguimiento"},"content":{"rendered":"<p><IMG class=\"imgdcha\" src=\"\/\/cdn.alt1040.com\/files\/2010\/05\/diaspora.jpg\" id=\"img_0\">Ayer se llamaba a la protesta. Era el D\u00eda Sin Facebook o Quit Facebook Day. La llamada de unos pocos era que los usuarios de <A href=\"http:\/\/facebook.com\/\" title=\"http:\/\/facebook.com\" id=\"link_0\">Facebook <\/a> se dieran de baja masivamente, para protestar contra la pol\u00edtica de privacidad -que nunca deja de cambiar ni termina de dejar satisfecho a nadie-.<\/p>\n<p>Pero poco m\u00e1s de 33 mil de los 400 millones de usuarios de Facebook se daban de baja seg\u00fan diarios latinos como<A href=\"http:\/\/elcomercio.pe\/\" title=\"http:\/\/ElComercio.pe\" id=\"link_1\">El Comercio de Per\u00fa<\/a>  o <A href=\"http:\/\/xn--clarn-2sa.com\/\" title=\"http:\/\/Clar\u00edn.com\" id=\"link_2\">Clar\u00edn<\/a> , lo que representa un 0,008%. Esta convocatoria fue anunciada en muchos medios de comunicaci\u00f3n y sus alentardores recomendaban otras plataformas sociales como <A href=\"http:\/\/ning.com\/\" title=\"http:\/\/ning.com\" id=\"link_3\">Ning <\/a> o <A href=\"http:\/\/joindiaspora.com\/\" title=\"http:\/\/joindiaspora.com\/\" id=\"link_4\">Diaspora<\/a> . Pero ha sido todo un bluf.<\/p>\n<p>Un buen aviso para Mark Zuckerberg, el jefe de todo esto, pero perder s\u00f3lo el 0,008 de usuarios \u00fanicos no deja de ser una an\u00e9cdota. \u00bfO no?<\/p>\n","protected":false},"excerpt":{"rendered":"<p>Ayer se llamaba a la protesta. Era el D\u00eda Sin Facebook o Quit Facebook Day. La llamada de unos pocos era que los usuarios de Facebook se dieran de baja masivamente, para protestar contra la pol\u00edtica de privacidad -que nunca deja de cambiar ni termina de dejar satisfecho a nadie-. Pero poco m\u00e1s de 33 [&hellip;]<\/p>\n","protected":false},"author":7,"featured_media":0,"comment_status":"open","ping_status":"closed","sticky":false,"template":"","format":"standard","meta":[],"categories":[9],"tags":[129,165,323],"_links":{"self":[{"href":"https:\/\/blogs.diariosur.es\/soyfriki\/wp-json\/wp\/v2\/posts\/153"}],"collection":[{"href":"https:\/\/blogs.diariosur.es\/soyfriki\/wp-json\/wp\/v2\/posts"}],"about":[{"href":"https:\/\/blogs.diariosur.es\/soyfriki\/wp-json\/wp\/v2\/types\/post"}],"author":[{"embeddable":true,"href":"https:\/\/blogs.diariosur.es\/soyfriki\/wp-json\/wp\/v2\/users\/7"}],"replies":[{"embeddable":true,"href":"https:\/\/blogs.diariosur.es\/soyfriki\/wp-json\/wp\/v2\/comments?post=153"}],"version-history":[{"count":0,"href":"https:\/\/blogs.diariosur.es\/soyfriki\/wp-json\/wp\/v2\/posts\/153\/revisions"}],"wp:attachment":[{"href":"https:\/\/blogs.diariosur.es\/soyfriki\/wp-json\/wp\/v2\/media?parent=153"}],"wp:term":[{"taxonomy":"category","embeddable":true,"href":"https:\/\/blogs.diariosur.es\/soyfriki\/wp-json\/wp\/v2\/categories?post=153"},{"taxonomy":"post_tag","embeddable":true,"href":"https:\/\/blogs.diariosur.es\/soyfriki\/wp-json\/wp\/v2\/tags?post=153"}],"curies":[{"name":"wp","href":"https:\/\/api.w.org\/{rel}","templated":true}]}}