{"id":163,"date":"2010-07-04T18:36:00","date_gmt":"2010-07-04T18:36:00","guid":{"rendered":"http:\/\/blogs.diariosur.es\/tuenti-facebook\/?p=163"},"modified":"2010-07-04T18:36:00","modified_gmt":"2010-07-04T18:36:00","slug":"cristiano-ronaldo-y-twitter-tienen-hijo-juntos-o-casi","status":"publish","type":"post","link":"https:\/\/blogs.diariosur.es\/soyfriki\/2010\/07\/04\/cristiano-ronaldo-y-twitter-tienen-hijo-juntos-o-casi\/","title":{"rendered":"Cristiano Ronaldo y Twitter tienen un hijo juntos -o casi-"},"content":{"rendered":"<p>Si s\u00f3lo tiene 35 twits, cr\u00e9etelos porque poco o nada va a enga\u00f1ar en ellos. Desde que Espa\u00f1a le peg\u00f3 un repaso, <A href=\"http:\/\/twitter.com\/cristiano\" title=\"http:\/\/twitter.com\/cristiano\" id=\"link_0\">Cristiano Ronaldo<\/a>  -que se prodiga poco en su cuenta de Twitter- nada hab\u00eda dicho. Claro, estaba elaborando este escueto pero impactante twit: &#8220;Con gran alegr\u00eda y emoci\u00f3nme informan de que he sido  recientemente en el padre de un ni\u00f1o. Seg\u00fan lo acordado con la madre del  beb\u00e9, que prefiere que su identidad se confidencial, mi hijo estar\u00e1 bajo  mi tutela exclusiva. Ninguna otra informaci\u00f3n ser\u00e1 facilitada sobre este tema  y pido a todos que respeten plenamente mi derecho a la vida privada (y  la del ni\u00f1o) al menos en temas tan personales como este&#8221;.<\/p>\n<p><IMG style=\"width: 585px; height: 209px;\" src=\"\/\/www.diariosur.es\/\/RC\/201007\/04\/Media\/cristiano-ronaldo--647x231.JPG\" id=\"img_0\"><\/p>\n<p><A href=\"http:\/\/www.diariosur.es\/rc\/20100704\/gente\/cristiano-ronaldo-anuncia-paternidad-201007040854.html\" title=\"http:\/\/www.diariosur.es\/rc\/20100704\/gente\/cristiano-ronaldo-anuncia-paternidad-201007040854.html\" id=\"link_0\">El delantero del Real Madrid y de la selecci\u00f3n portuguesa ha colgado tambi\u00e9n en su perfil en Facebook que se ha convertido en padre<\/a> . Pero el comunicado, redactado supuestamente por el deportista, primero llegaba a <A href=\"http:\/\/twitter.com\/diario_sur\" title=\"http:\/\/twitter.com\/diario_sur\" id=\"link_1\">Twitter<\/a> . As\u00ed que a falta de cara para ella -esto huele a vientre de alquiler- podemos considerar a Twitter madre oficial del hijo de Cristiano Ronaldo. Adem\u00e1s es el primer hijo que alumbra la red. Aunque no sabemos si habr\u00e1 sido con el pajarito o la ballena.<\/p>\n<p>El jugador, de 25 a\u00f1os, no revelar\u00e1 la identidad de la madre- Ronaldo reclama &#8220;respeto a su derecho a la intimidad&#8221;. Hasta que Twitter o <A href=\"http:\/\/facebook.com\/diariosur\" title=\"http:\/\/facebook.com\/diariosur\" id=\"link_2\">Facebook <\/a> digan lo contrario. Igual se casa de penalti&#8230;<\/p>\n","protected":false},"excerpt":{"rendered":"<p>Si s\u00f3lo tiene 35 twits, cr\u00e9etelos porque poco o nada va a enga\u00f1ar en ellos. Desde que Espa\u00f1a le peg\u00f3 un repaso, Cristiano Ronaldo -que se prodiga poco en su cuenta de Twitter- nada hab\u00eda dicho. Claro, estaba elaborando este escueto pero impactante twit: &#8220;Con gran alegr\u00eda y emoci\u00f3nme informan de que he sido recientemente [&hellip;]<\/p>\n","protected":false},"author":7,"featured_media":0,"comment_status":"open","ping_status":"closed","sticky":false,"template":"","format":"standard","meta":[],"categories":[9],"tags":[165,483],"_links":{"self":[{"href":"https:\/\/blogs.diariosur.es\/soyfriki\/wp-json\/wp\/v2\/posts\/163"}],"collection":[{"href":"https:\/\/blogs.diariosur.es\/soyfriki\/wp-json\/wp\/v2\/posts"}],"about":[{"href":"https:\/\/blogs.diariosur.es\/soyfriki\/wp-json\/wp\/v2\/types\/post"}],"author":[{"embeddable":true,"href":"https:\/\/blogs.diariosur.es\/soyfriki\/wp-json\/wp\/v2\/users\/7"}],"replies":[{"embeddable":true,"href":"https:\/\/blogs.diariosur.es\/soyfriki\/wp-json\/wp\/v2\/comments?post=163"}],"version-history":[{"count":0,"href":"https:\/\/blogs.diariosur.es\/soyfriki\/wp-json\/wp\/v2\/posts\/163\/revisions"}],"wp:attachment":[{"href":"https:\/\/blogs.diariosur.es\/soyfriki\/wp-json\/wp\/v2\/media?parent=163"}],"wp:term":[{"taxonomy":"category","embeddable":true,"href":"https:\/\/blogs.diariosur.es\/soyfriki\/wp-json\/wp\/v2\/categories?post=163"},{"taxonomy":"post_tag","embeddable":true,"href":"https:\/\/blogs.diariosur.es\/soyfriki\/wp-json\/wp\/v2\/tags?post=163"}],"curies":[{"name":"wp","href":"https:\/\/api.w.org\/{rel}","templated":true}]}}