{"id":165,"date":"2010-07-10T19:13:00","date_gmt":"2010-07-10T19:13:00","guid":{"rendered":"http:\/\/blogs.diariosur.es\/tuenti-facebook\/?p=165"},"modified":"2010-07-10T19:13:00","modified_gmt":"2010-07-10T19:13:00","slug":"encuentro-tuiteros-malaguenos-moraga-malagatwit","status":"publish","type":"post","link":"https:\/\/blogs.diariosur.es\/soyfriki\/2010\/07\/10\/encuentro-tuiteros-malaguenos-moraga-malagatwit\/","title":{"rendered":"Encuentro de tuiteros malague\u00f1os, moraga MalagaTwit"},"content":{"rendered":"<p>Llega el verano y la calor -como decimos por aqu\u00ed-, y por eso el <A id=link_21 title=http:\/\/malagatwit.com\/ href=\"http:\/\/malagatwit.com\/\">MalagaTwit <\/A>de este mes se va al playa. En ba\u00f1ador y con el calimocho bajo el brazo. Como el a\u00f1o pasado, se celebrara la edici\u00f3n de este mes con una moraga <STRONG><A id=link_23 title=http:\/\/maps.google.com\/maps?f=d&#038;source=embed&#038;saddr=&#038;daddr=36.713184,-4.33531&#038;hl=es&#038;geocode=&#038;mra=mi&#038;mrsp=0&#038;sz=17&#038;sll=36.713147,-4.335759&#038;sspn=0.006029,0.009645&#038;ie=UTF8&#038;t=h&#038;ll=36.713362,-4.335469&#038;spn=0.006029,0.009645 href=\"http:\/\/maps.google.com\/maps?f=d&#038;source=embed&#038;saddr=&#038;daddr=36.713184,-4.33531&#038;hl=es&#038;geocode=&#038;mra=mi&#038;mrsp=0&#038;sz=17&#038;sll=36.713147,-4.335759&#038;sspn=0.006029,0.009645&#038;ie=UTF8&#038;t=h&#038;ll=36.713362,-4.335469&#038;spn=0.006029,0.009645\"><STRONG>en la Playa de La Ara\u00f1a<\/STRONG><\/A><\/STRONG>. Es este mismo s\u00e1bado 10 de julio de 2010 a partir de las 20 hrs. <\/p>\n<p>Si quieres, todav\u00eda est\u00e1s a tiempo de sumarte <A id=link_22 title=http:\/\/malagatwit.com\/ href=\"http:\/\/malagatwit.com\/\">en su p\u00e1gina<\/A>. <A id=link_20 title=http:\/\/twitter.com\/anhesp href=\"http:\/\/twitter.com\/anhesp\">Yo <\/A>-por otro cumplea\u00f1os m\u00e1s- me lo pierdo por segundo mes consecutivo.<\/p>\n<p>Al igual que el a\u00f1o pasado, cada tuitero llevar\u00e1 algo de comida+picoteo+bebida. Y por supuesto, no falta barbacoa, para hacer la carne rica, rica. <\/p>\n<p>Con la ausencia de algunos de mis tuitero favoritos, estos son los confirmados:<\/p>\n<p>&#8211; <A id=link_0 title=http:\/\/twitter.com\/Hierbabuena href=\"http:\/\/twitter.com\/Hierbabuena\">@Hierbabuena<\/A><br \/>\n&#8211; <A id=link_1 title=http:\/\/twitter.com\/Crisese href=\"http:\/\/twitter.com\/Crisese\">@Crisese<br \/>\n<\/A>&#8211; <A id=link_2 title=http:\/\/twitter.com\/Cyberfrancis href=\"http:\/\/twitter.com\/Cyberfrancis\">@Cyberfrancis<br \/>\n<\/A>&#8211; <A id=link_3 title=http:\/\/twitter.com\/Blocdeesbozos href=\"http:\/\/twitter.com\/Blocdeesbozos\">@Blocdeesbozos<br \/>\n<\/A>&#8211; <A id=link_4 title=http:\/\/twitter.com\/d3s1ii href=\"http:\/\/twitter.com\/d3s1ii\">@d3s1ii<br \/>\n<\/A>&#8211; <A id=link_5 title=http:\/\/twitter.com\/MiladyPsy href=\"http:\/\/twitter.com\/MiladyPsy\">@MiladyPsy<br \/>\n<\/A>&#8211; <A id=link_6 title=http:\/\/twitter.com\/ResetReboot href=\"http:\/\/twitter.com\/ResetReboot\">@ResetReboot<br \/>\n<\/A>&#8211; <A id=link_7 title=http:\/\/twitter.com\/Okercho href=\"http:\/\/twitter.com\/Okercho\">@Okercho<br \/>\n<\/A>&#8211; <A id=link_8 title=http:\/\/twitter.com\/jakarrion href=\"http:\/\/twitter.com\/jakarrion\">@jakarrion y compa\u00f1\u00eda<\/A>.<br \/>\n&#8211; <A id=link_9 title=http:\/\/twitter.com\/Partymola href=\"http:\/\/twitter.com\/Partymola\">@Partymola<br \/>\n<\/A>&#8211; <A id=link_10 title=http:\/\/twitter.com\/Capelare href=\"http:\/\/twitter.com\/Capelare\">@Capelare<br \/>\n<\/A>&#8211; <A id=link_11 title=http:\/\/twitter.com\/areywings href=\"http:\/\/twitter.com\/areywings\">@areywings<br \/>\n<\/A>&#8211; <A id=link_12 title=http:\/\/twitter.com\/Samtree18 href=\"http:\/\/twitter.com\/Samtree18\">@Samtree18<br \/>\n<\/A>&#8211; <A id=link_13 title=http:\/\/twitter.com\/LordDraken href=\"http:\/\/twitter.com\/LordDraken\">@LordDraken<br \/>\n<\/A>&#8211; <A id=link_14 title=http:\/\/twitter.com\/Eseele href=\"http:\/\/twitter.com\/Eseele\">@Eseele<br \/>\n<\/A>&#8211; <A id=link_15 title=http:\/\/twitter.com\/Semele href=\"http:\/\/twitter.com\/Semele\">@Semele<br \/>\n<\/A>&#8211; <A id=link_16 title=http:\/\/twitter.com\/Geishabel href=\"http:\/\/twitter.com\/Geishabel\">@Geishabel<br \/>\n<\/A>&#8211; <A id=link_17 title=http:\/\/twitter.com\/Ztryp href=\"http:\/\/twitter.com\/Ztryp\">@Ztryp<\/A><br \/>\n&#8211; <A id=link_18 title=http:\/\/twitter.com\/Requete href=\"http:\/\/twitter.com\/Requete\">@Requete<br \/>\n<\/A>&#8211; <A id=link_19 title=http:\/\/twitter.com\/Anyelus href=\"http:\/\/twitter.com\/Anyelus\">@Anyelus<br \/>\n<\/A><\/p>\n<p>Como ellos dicen, M\u00e1lagaTwit es un encuentro mensual de usuarios de Twitter malague\u00f1os y para participar tan s\u00f3lo necesitas una cuenta de Twitter y muchas ganas de pasarlo bien&#8230;<\/p>\n","protected":false},"excerpt":{"rendered":"<p>Llega el verano y la calor -como decimos por aqu\u00ed-, y por eso el MalagaTwit de este mes se va al playa. En ba\u00f1ador y con el calimocho bajo el brazo. Como el a\u00f1o pasado, se celebrara la edici\u00f3n de este mes con una moraga en la Playa de La Ara\u00f1a. Es este mismo s\u00e1bado [&hellip;]<\/p>\n","protected":false},"author":7,"featured_media":0,"comment_status":"open","ping_status":"closed","sticky":false,"template":"","format":"standard","meta":[],"categories":[9],"tags":[150,283,483],"_links":{"self":[{"href":"https:\/\/blogs.diariosur.es\/soyfriki\/wp-json\/wp\/v2\/posts\/165"}],"collection":[{"href":"https:\/\/blogs.diariosur.es\/soyfriki\/wp-json\/wp\/v2\/posts"}],"about":[{"href":"https:\/\/blogs.diariosur.es\/soyfriki\/wp-json\/wp\/v2\/types\/post"}],"author":[{"embeddable":true,"href":"https:\/\/blogs.diariosur.es\/soyfriki\/wp-json\/wp\/v2\/users\/7"}],"replies":[{"embeddable":true,"href":"https:\/\/blogs.diariosur.es\/soyfriki\/wp-json\/wp\/v2\/comments?post=165"}],"version-history":[{"count":0,"href":"https:\/\/blogs.diariosur.es\/soyfriki\/wp-json\/wp\/v2\/posts\/165\/revisions"}],"wp:attachment":[{"href":"https:\/\/blogs.diariosur.es\/soyfriki\/wp-json\/wp\/v2\/media?parent=165"}],"wp:term":[{"taxonomy":"category","embeddable":true,"href":"https:\/\/blogs.diariosur.es\/soyfriki\/wp-json\/wp\/v2\/categories?post=165"},{"taxonomy":"post_tag","embeddable":true,"href":"https:\/\/blogs.diariosur.es\/soyfriki\/wp-json\/wp\/v2\/tags?post=165"}],"curies":[{"name":"wp","href":"https:\/\/api.w.org\/{rel}","templated":true}]}}