{"id":169,"date":"2010-07-15T13:47:00","date_gmt":"2010-07-15T13:47:00","guid":{"rendered":"http:\/\/blogs.diariosur.es\/tuenti-facebook\/?p=169"},"modified":"2010-07-15T13:47:00","modified_gmt":"2010-07-15T13:47:00","slug":"webcongress-malaga-congreso-profesional-marketing-online","status":"publish","type":"post","link":"https:\/\/blogs.diariosur.es\/soyfriki\/2010\/07\/15\/webcongress-malaga-congreso-profesional-marketing-online\/","title":{"rendered":"WebCongress M\u00e1laga: Congreso profesional de Marketing Online, SEO, SEM y Social Media"},"content":{"rendered":"<p><IMG src=\"\/soyfriki\/wp-content\/uploads\/sites\/14\" id=\"img_0\" class=\"imgizqda\" height=\"106\" width=\"601\"><\/p>\n<p>Llega a M\u00e1laga el <A href=\"http:\/\/wcongress.com\/malaga\/\" title=\"http:\/\/wcongress.com\/malaga\/\" id=\"link_0\">WebCongress<\/a>, denominado el primer congreso profesional de Marketing Online de M\u00e1laga. Aunque ya haya habido otros, este apunta a grande por n\u00famero de conferencias, asistentes y ponentes.<\/p>\n<p>El congreso tendr\u00e1 lugar el 30 de septiembre y el 1 de octubre 2010 en el Palacio de Ferias y Congresos de M\u00e1laga. De la mano de los organizadores del SearchCongress que ya tiene ediciones celebradas en varias ciudades de Espa\u00f1a como: Barcelona, Madrid, Valencia, Bilbao y planificadas en Mil\u00e1n, Miami, India, Lisboa.<\/p>\n<p>WebCongress es un evento profesional de marketing online que inicia en M\u00e1laga en el Palacio de Ferias y Congresos con dos d\u00edas de conferencias, workshops y networking que tratar\u00e1n los temas m\u00e1s importantes de la web y su entorno. El congreso inicita a una multitud de formaci\u00f3n en varias categor\u00edas como: social media, developer, hosting, search y marketing online con el fin de saber todo sobre los buscadores, el Search Marketing, SEO, SEM, SMO y t\u00e9cnicas de optimizaci\u00f3n web. Seg\u00fan su organizador Ouali Benmeziane, el congreso \u201cpretende ser un evento de alta calidad y tiene el objetivo de ofrecer una formaci\u00f3n completa de marketing online a profesionales, pymes, grandes y medianas empresas, emprendedores, administraciones y ongs\u201d.<\/p>\n<p>Los ponentes que asitir\u00e1n al congreso son especialistas en marketing online, redes social y marketing en buscadores, expertos de renombre que ofrecen su conocimiento siempre en el idioma local para aprovechar al m\u00e1ximo de su conferencia. Se cuenta con que asistir\u00e1n un gran panel de expertos, autores, directores de agencias y los mismos buscadores, entre ellos Massimo Burgio [Co-presidente del Comit\u00e9 Global SEMPO], Sico de Andr\u00e9s [Autor del libro \u201cQuiero que mi empresa salga en Google\u201d], Fernando Mu\u00f1oz [Consultoria Se\u00f1orMu\u00f1oz], Salvador M. Su\u00e1rez [Director de Marketing y Alianzas de Camerpyme], \u00c1lvaro Castro Espejo [Presidente de El Club de Marketing de M\u00e1laga], y profesionales de los buscadores mismos: Google, Yahoo, Micrososft Bing como Tom\u00e1s Rufino [Responsable del Depto. Seo. Havas Digital].<\/p>\n<p>La entrada a las conferencias son gratis hasta el 1 de septiembre 2010 y para los workshops, 100% pr\u00e1cticos y con una duraci\u00f3n de dos horas, son 100 euros. Los Workshop abarcar\u00e1n SEO, SEM, Social Media, Developers y Google Marketing Tools.<\/p>\n","protected":false},"excerpt":{"rendered":"<p>Llega a M\u00e1laga el WebCongress, denominado el primer congreso profesional de Marketing Online de M\u00e1laga. Aunque ya haya habido otros, este apunta a grande por n\u00famero de conferencias, asistentes y ponentes. El congreso tendr\u00e1 lugar el 30 de septiembre y el 1 de octubre 2010 en el Palacio de Ferias y Congresos de M\u00e1laga. De [&hellip;]<\/p>\n","protected":false},"author":7,"featured_media":0,"comment_status":"open","ping_status":"closed","sticky":false,"template":"","format":"standard","meta":[],"categories":[9],"tags":[107,127,153,202,292,295,404,421,512],"_links":{"self":[{"href":"https:\/\/blogs.diariosur.es\/soyfriki\/wp-json\/wp\/v2\/posts\/169"}],"collection":[{"href":"https:\/\/blogs.diariosur.es\/soyfriki\/wp-json\/wp\/v2\/posts"}],"about":[{"href":"https:\/\/blogs.diariosur.es\/soyfriki\/wp-json\/wp\/v2\/types\/post"}],"author":[{"embeddable":true,"href":"https:\/\/blogs.diariosur.es\/soyfriki\/wp-json\/wp\/v2\/users\/7"}],"replies":[{"embeddable":true,"href":"https:\/\/blogs.diariosur.es\/soyfriki\/wp-json\/wp\/v2\/comments?post=169"}],"version-history":[{"count":0,"href":"https:\/\/blogs.diariosur.es\/soyfriki\/wp-json\/wp\/v2\/posts\/169\/revisions"}],"wp:attachment":[{"href":"https:\/\/blogs.diariosur.es\/soyfriki\/wp-json\/wp\/v2\/media?parent=169"}],"wp:term":[{"taxonomy":"category","embeddable":true,"href":"https:\/\/blogs.diariosur.es\/soyfriki\/wp-json\/wp\/v2\/categories?post=169"},{"taxonomy":"post_tag","embeddable":true,"href":"https:\/\/blogs.diariosur.es\/soyfriki\/wp-json\/wp\/v2\/tags?post=169"}],"curies":[{"name":"wp","href":"https:\/\/api.w.org\/{rel}","templated":true}]}}