{"id":175,"date":"2010-07-30T17:16:00","date_gmt":"2010-07-30T17:16:00","guid":{"rendered":"http:\/\/blogs.diariosur.es\/tuenti-facebook\/?p=175"},"modified":"2010-07-30T17:16:00","modified_gmt":"2010-07-30T17:16:00","slug":"participa-la-muestra-internacional-fotos-perfil-por","status":"publish","type":"post","link":"https:\/\/blogs.diariosur.es\/soyfriki\/2010\/07\/30\/participa-la-muestra-internacional-fotos-perfil-por\/","title":{"rendered":"Participa en la Muestra Internacional de Fotos de Perfil, por Aperitivos Audiovisuales"},"content":{"rendered":"<p class=\"MsoNormal\"><A href=\"http:\/\/aperitivosvisuales.blogspot.com\/\" title=\"http:\/\/aperitivosvisuales.blogspot.com\/\" id=\"link_0\"><IMG src=\"\/tuenti-facebook\/files\/muestrainternacionaldefotos.jpg\" id=\"img_0\" class=\"imgdcha\" height=\"594\" width=\"300\">Aperitivos Audiovisuales <\/a> <font size=\"2\" face=\"Arial\"><span style=\"font-family: Arial; font-size: 10pt;\">est\u00e1  preparando un experimento la mar de interesante. La Primera Muestra  Internacional de Fotos de Perfil (en redes sociales).  <o:p><\/o:p><\/span><\/span><\/p>\n<p class=\"MsoNormal\"><font size=\"2\" face=\"Arial\"><span style=\"font-family: Arial; font-size: 10pt;\">Han lanzado una invitaci\u00f3n a  participar en esta muestra, un proyecto de participaci\u00f3n social y art\u00edstica con  la idea de crear una exposici\u00f3n colectiva de fotos de perfiles virtuales, ya sean  de <\/span><\/span><A href=\"http:\/\/facebook.com\/diariosur\" title=\"http:\/\/facebook.com\/diariosur\" id=\"link_1\">facebook<\/a><font size=\"2\" face=\"Arial\"><span style=\"font-family: Arial; font-size: 10pt;\">, <\/span><\/span><A href=\"http:\/\/twitter.com\/diario_sur\" title=\"http:\/\/twitter.com\/diario_sur\" id=\"link_2\">twitter<\/a><font size=\"2\" face=\"Arial\"><span style=\"font-family: Arial; font-size: 10pt;\">, <\/span><\/span><A href=\"http:\/\/www.youtube.com\/user\/surtves\" title=\"http:\/\/www.youtube.com\/user\/surtves\" id=\"link_3\">youtube<\/a><font size=\"2\" face=\"Arial\"><span style=\"font-family: Arial; font-size: 10pt;\">, <\/span><\/span><A href=\"http:\/\/myspace.com\/\" title=\"http:\/\/myspace.com\" id=\"link_4\">myspace<\/a><font size=\"2\" face=\"Arial\"><span style=\"font-family: Arial; font-size: 10pt;\">, y demas redes sociales, haciendo f\u00edsico  este microformato art\u00edstico virtual.<o:p><\/o:p><\/p>\n<p>\u00bfTienes una foto curiosa?  \u00bfTienes entre <st1:metricconverter w:st=\"on\" productid=\"18 a\">18  a<\/st1:metricconverter> 100 a\u00f1os? Env\u00eda tu mejor perfil hasta finales de este  2010. El proposito de Aperitivos Audiovisuales es exponer todos los perfiles sin  censura en su web y en espacios expositivos, por el momento, de las Islas  Canarias.<o:p><\/o:p><\/span><\/span><\/p>\n<p class=\"MsoNormal\"><font size=\"2\" face=\"Arial\"><span style=\"font-family: Arial; font-size: 10pt;\"><br \/>\nEl formato del perfil ser\u00e1 de 20&#215;20 cm a  300 dpi de resoluci\u00f3n.<o:p><\/o:p><\/span><\/span><\/p>\n<p class=\"MsoNormal\"><font size=\"2\" face=\"Arial\"><span style=\"font-family: Arial; font-size: 10pt;\">Env\u00edala a <\/span><\/span><A href=\"mailto:aperitivosvisuales@gmail.com\" title=\"mailto:aperitivosvisuales@gmail.com\" id=\"link_5\">aperitivosvisuales@gmail.com<\/a> <\/p>\n","protected":false},"excerpt":{"rendered":"<p>Aperitivos Audiovisuales est\u00e1 preparando un experimento la mar de interesante. La Primera Muestra Internacional de Fotos de Perfil (en redes sociales). Han lanzado una invitaci\u00f3n a participar en esta muestra, un proyecto de participaci\u00f3n social y art\u00edstica con la idea de crear una exposici\u00f3n colectiva de fotos de perfiles virtuales, ya sean de facebook, twitter, [&hellip;]<\/p>\n","protected":false},"author":7,"featured_media":0,"comment_status":"open","ping_status":"closed","sticky":false,"template":"","format":"standard","meta":[],"categories":[9],"tags":[],"_links":{"self":[{"href":"https:\/\/blogs.diariosur.es\/soyfriki\/wp-json\/wp\/v2\/posts\/175"}],"collection":[{"href":"https:\/\/blogs.diariosur.es\/soyfriki\/wp-json\/wp\/v2\/posts"}],"about":[{"href":"https:\/\/blogs.diariosur.es\/soyfriki\/wp-json\/wp\/v2\/types\/post"}],"author":[{"embeddable":true,"href":"https:\/\/blogs.diariosur.es\/soyfriki\/wp-json\/wp\/v2\/users\/7"}],"replies":[{"embeddable":true,"href":"https:\/\/blogs.diariosur.es\/soyfriki\/wp-json\/wp\/v2\/comments?post=175"}],"version-history":[{"count":0,"href":"https:\/\/blogs.diariosur.es\/soyfriki\/wp-json\/wp\/v2\/posts\/175\/revisions"}],"wp:attachment":[{"href":"https:\/\/blogs.diariosur.es\/soyfriki\/wp-json\/wp\/v2\/media?parent=175"}],"wp:term":[{"taxonomy":"category","embeddable":true,"href":"https:\/\/blogs.diariosur.es\/soyfriki\/wp-json\/wp\/v2\/categories?post=175"},{"taxonomy":"post_tag","embeddable":true,"href":"https:\/\/blogs.diariosur.es\/soyfriki\/wp-json\/wp\/v2\/tags?post=175"}],"curies":[{"name":"wp","href":"https:\/\/api.w.org\/{rel}","templated":true}]}}