{"id":177,"date":"2010-09-05T18:29:00","date_gmt":"2010-09-05T18:29:00","guid":{"rendered":"http:\/\/blogs.diariosur.es\/tuenti-facebook\/?p=177"},"modified":"2010-09-05T18:29:00","modified_gmt":"2010-09-05T18:29:00","slug":"apertura-nuevas-tiendas-apple-store-espana-y-malaga","status":"publish","type":"post","link":"https:\/\/blogs.diariosur.es\/soyfriki\/2010\/09\/05\/apertura-nuevas-tiendas-apple-store-espana-y-malaga\/","title":{"rendered":"Apertura de 12 tiendas Apple Store en Espa\u00f1a, \u00a1y M\u00e1laga!"},"content":{"rendered":"<p><IMG style=\"width: 592px; height: 257px;\" src=\"\/soyfriki\/wp-content\/uploads\/sites\/14\" id=\"img_0\" class=\"imgizqda\"><\/p>\n<p>El imperio Apple se ha lanzado descaradamente a la conquista del mercado espa\u00f1ol. \u00bfAcaso no lo tiene ya? La compa\u00f1\u00eda ha abierto hace pocos d\u00edas <strong>s<\/strong><strong>u primera tienda en Espa\u00f1a<\/strong> en el centro comercial<A href=\"http:\/\/www.lamaquinista.com\/\" title=\"http:\/\/www.lamaquinista.com\/\" id=\"link_2\"> La Maquinista de Barcelona<\/a>  a este le seguir\u00e1 la inauguraci\u00f3n en el <A href=\"http:\/\/www.madridxanadu.com\/\" title=\"http:\/\/www.madridxanadu.com\/\" id=\"link_3\">centro comercial Xanad\u00fa de Madrid <\/a> dentro de siete d\u00edas.<\/p>\n<p>Pero ya se rumorea en la red la apertura de ocho nuevas Apple Store m\u00e1s en Espa\u00f1a, con sede en <strong>Valencia, Elche, Sevilla, Zaragoza, Bilbao, Oviedo, Vigo y M\u00e1laga<\/strong><A href=\"http:\/\/www.sur.es\/\" title=\"http:\/\/www.sur.es\" id=\"link_4\"> <\/a> -para tranquilidad de los &#8216;fan boys&#8217; de la &#8216;manzana&#8217;. Antes que finalice 2012, Espa\u00f1a contar\u00e1 con hasta 12 tienda (y esto s\u00ed lo ha dicho oficialmente la compa\u00f1\u00eda).<\/p>\n<p>Para que vay\u00e1is abriendo boca, os cuento que la <A href=\"http:\/\/itunes.apple.com\/es\/app\/diario-sur\/id323681866?mt=8\" title=\"http:\/\/itunes.apple.com\/es\/app\/diario-sur\/id323681866?mt=8\" id=\"link_1\">Apple Store<\/a>  de Barcelona cuenta con m\u00e1s de 1.300 metros cuadros destinados a deleitar a los fan\u00e1ticos de los Macs, Ipods u Ipads. La nueva tienda emplear\u00e1 alrededor de 70 personas y, como ya es habitual en Apple, ofrecer\u00e1 cursos para todos sus clientes.<\/p>\n<p>Mientras llega o no, pod\u00e9is ir conformandoos con las dos <A href=\"http:\/\/www.apple.com\/es\/buy\/shop\/\" title=\"http:\/\/www.apple.com\/es\/buy\/shop\/\" id=\"link_0\">Apple Shops<\/a>  dispuestas en M\u00e1laga. Sabr\u00e9is de manera sobrada d\u00f3nde est\u00e1n, pero, por si acaso, aqu\u00ed llev\u00e1is las se\u00f1as:<\/p>\n<p>&#8211; EL CORTE INGL\u00c9S de M\u00c1LAGA (CALLE HILERA, 8. 29007)<\/p>\n<p>&#8211; FNAC MARBELLA (CTRA DE CIRCUNVALACI\u00d3N &#8211; OJ\u00c9N S\/N. 29600. Tel. 952899300)<\/p>\n<p>Paciencia.<\/p>\n","protected":false},"excerpt":{"rendered":"<p>El imperio Apple se ha lanzado descaradamente a la conquista del mercado espa\u00f1ol. \u00bfAcaso no lo tiene ya? La compa\u00f1\u00eda ha abierto hace pocos d\u00edas su primera tienda en Espa\u00f1a en el centro comercial La Maquinista de Barcelona a este le seguir\u00e1 la inauguraci\u00f3n en el centro comercial Xanad\u00fa de Madrid dentro de siete d\u00edas. [&hellip;]<\/p>\n","protected":false},"author":7,"featured_media":0,"comment_status":"open","ping_status":"closed","sticky":false,"template":"","format":"standard","meta":[],"categories":[9],"tags":[47,63,144,248,251,279,344,408,430,451,492,501,531],"_links":{"self":[{"href":"https:\/\/blogs.diariosur.es\/soyfriki\/wp-json\/wp\/v2\/posts\/177"}],"collection":[{"href":"https:\/\/blogs.diariosur.es\/soyfriki\/wp-json\/wp\/v2\/posts"}],"about":[{"href":"https:\/\/blogs.diariosur.es\/soyfriki\/wp-json\/wp\/v2\/types\/post"}],"author":[{"embeddable":true,"href":"https:\/\/blogs.diariosur.es\/soyfriki\/wp-json\/wp\/v2\/users\/7"}],"replies":[{"embeddable":true,"href":"https:\/\/blogs.diariosur.es\/soyfriki\/wp-json\/wp\/v2\/comments?post=177"}],"version-history":[{"count":0,"href":"https:\/\/blogs.diariosur.es\/soyfriki\/wp-json\/wp\/v2\/posts\/177\/revisions"}],"wp:attachment":[{"href":"https:\/\/blogs.diariosur.es\/soyfriki\/wp-json\/wp\/v2\/media?parent=177"}],"wp:term":[{"taxonomy":"category","embeddable":true,"href":"https:\/\/blogs.diariosur.es\/soyfriki\/wp-json\/wp\/v2\/categories?post=177"},{"taxonomy":"post_tag","embeddable":true,"href":"https:\/\/blogs.diariosur.es\/soyfriki\/wp-json\/wp\/v2\/tags?post=177"}],"curies":[{"name":"wp","href":"https:\/\/api.w.org\/{rel}","templated":true}]}}