{"id":178,"date":"2010-09-14T20:22:00","date_gmt":"2010-09-14T20:22:00","guid":{"rendered":"http:\/\/blogs.diariosur.es\/tuenti-facebook\/?p=178"},"modified":"2010-09-14T20:22:00","modified_gmt":"2010-09-14T20:22:00","slug":"jornada-marketing-traves-las-redes-sociales-marbella","status":"publish","type":"post","link":"https:\/\/blogs.diariosur.es\/soyfriki\/2010\/09\/14\/jornada-marketing-traves-las-redes-sociales-marbella\/","title":{"rendered":"Jornada de Marketing a trav\u00e9s de las redes sociales, en Marbella"},"content":{"rendered":"<p>Por conferencias de social media que no quede. Acaba de terminar -qu\u00e9 mala uva contarlo al t\u00e9rmino, \u00bfno?- una conferencia organizada por <A href=\"http:\/\/www.cmarketingmalaga.org\/\" title=\"http:\/\/www.cmarketingmalaga.org\" id=\"link_0\">El Club de Marketing M\u00e1laga<\/a>  y la organizaci\u00f3n de <A href=\"..\/tuenti-facebook\/2010\/7\/15\/webcongress-malaga-congreso-profesional-marketing-online-\" title=\"http:\/\/blogs.diariosur.es\/tuenti-facebook\/2010\/7\/15\/webcongress-malaga-congreso-profesional-marketing-online-\" id=\"link_1\">Webcongress M\u00e1laga<\/a>  sobre Marketing Online, en el Complejo de Estudios Sociales y Empresariales, en Teatinos. El organizador de Webcongress, <A href=\"http:\/\/www.oualibenmeziane.com\/\" title=\"http:\/\/www.oualibenmeziane.com\/\" id=\"link_2\">Ouali Benmeziane<\/a>, ha venido a M\u00e1laga desde Barcelona para ofrecer a los asistentes una charla sobre Marketing Online, centrada en redes sociales como herramienta, mejora de la reputaci\u00f3n online, segmentaci\u00f3n y fidelizaci\u00f3n.<\/p>\n<p>Pero, para que no me odieis mucho, avisarios que la Confederaci\u00f3n de Empresarios de Andaluc\u00eda, la Consejer\u00eda de Empleo y<A href=\"http:\/\/www.citmarbella.es\/\" title=\"http:\/\/www.citmarbella.es\/\" id=\"link_3\"> CIT Marbella<\/a> , han organizado  la jornada de &#8216;Marketing a trav\u00e9s de las redes sociales&#8217;, el  pr\u00f3ximo  16 de septiembre, de 9,30 a 13:30 horas en el <A href=\"http:\/\/11870.com\/pro\/nh-alanda\/map\" title=\"http:\/\/11870.com\/pro\/nh-alanda\/map\" id=\"link_4\">Hotel NH Alanda<\/a>. El objetivo del seminario es conocer los sistemas sociales de red y diferenciar las redes virtuales y las redes comunitarias y examinar las ventajas de un marketing social efectivo para poder extraer beneficios de la empresa. El ponente es en esta ocasi\u00f3n <A href=\"http:\/\/es.linkedin.com\/pub\/eduardo-gonz%C3%A1lez-coeto\/16\/795\/25a\" title=\"http:\/\/es.linkedin.com\/pub\/eduardo-gonz%C3%A1lez-coeto\/16\/795\/25a\" id=\"link_5\">Eduardo Gonz\u00e1lez Coeto<\/a>, que adem\u00e1s de Licenciado en Medicina es Consultor empresarial y especialista en t\u00e9cnicas de comunicaci\u00f3n y negociaci\u00f3n.<\/p>\n<p>En este s\u00ed, las plazas -gratuitas- son muy limitadas. Es imprescindible confirmar tu asistencia en el tel\u00e9fono 952906970. <\/p>\n","protected":false},"excerpt":{"rendered":"<p>Por conferencias de social media que no quede. Acaba de terminar -qu\u00e9 mala uva contarlo al t\u00e9rmino, \u00bfno?- una conferencia organizada por El Club de Marketing M\u00e1laga y la organizaci\u00f3n de Webcongress M\u00e1laga sobre Marketing Online, en el Complejo de Estudios Sociales y Empresariales, en Teatinos. El organizador de Webcongress, Ouali Benmeziane, ha venido a [&hellip;]<\/p>\n","protected":false},"author":7,"featured_media":0,"comment_status":"open","ping_status":"closed","sticky":false,"template":"","format":"standard","meta":[],"categories":[9],"tags":[255,281,292,335,512],"_links":{"self":[{"href":"https:\/\/blogs.diariosur.es\/soyfriki\/wp-json\/wp\/v2\/posts\/178"}],"collection":[{"href":"https:\/\/blogs.diariosur.es\/soyfriki\/wp-json\/wp\/v2\/posts"}],"about":[{"href":"https:\/\/blogs.diariosur.es\/soyfriki\/wp-json\/wp\/v2\/types\/post"}],"author":[{"embeddable":true,"href":"https:\/\/blogs.diariosur.es\/soyfriki\/wp-json\/wp\/v2\/users\/7"}],"replies":[{"embeddable":true,"href":"https:\/\/blogs.diariosur.es\/soyfriki\/wp-json\/wp\/v2\/comments?post=178"}],"version-history":[{"count":0,"href":"https:\/\/blogs.diariosur.es\/soyfriki\/wp-json\/wp\/v2\/posts\/178\/revisions"}],"wp:attachment":[{"href":"https:\/\/blogs.diariosur.es\/soyfriki\/wp-json\/wp\/v2\/media?parent=178"}],"wp:term":[{"taxonomy":"category","embeddable":true,"href":"https:\/\/blogs.diariosur.es\/soyfriki\/wp-json\/wp\/v2\/categories?post=178"},{"taxonomy":"post_tag","embeddable":true,"href":"https:\/\/blogs.diariosur.es\/soyfriki\/wp-json\/wp\/v2\/tags?post=178"}],"curies":[{"name":"wp","href":"https:\/\/api.w.org\/{rel}","templated":true}]}}