{"id":180,"date":"2010-09-24T19:56:00","date_gmt":"2010-09-24T19:56:00","guid":{"rendered":"http:\/\/blogs.diariosur.es\/tuenti-facebook\/?p=180"},"modified":"2010-09-24T19:56:00","modified_gmt":"2010-09-24T19:56:00","slug":"el-escote-ana-simon-tonterias-justas","status":"publish","type":"post","link":"https:\/\/blogs.diariosur.es\/soyfriki\/2010\/09\/24\/el-escote-ana-simon-tonterias-justas\/","title":{"rendered":"El escote de Ana Sim\u00f3n (Tonter\u00edas las Justas)"},"content":{"rendered":"<p><IMG src=\"\/soyfriki\/wp-content\/uploads\/sites\/14\" id=\"img_0\" class=\"imgizqda\" height=\"463\" width=\"596\"><\/p>\n<p>Tonter\u00edas Las Justas se ha desmarcado con un v\u00eddeo y una galer\u00eda de fotos que directamente se dedican a explotar el escote de Ana Sim\u00f3n. No me lo esperaba. Y te lo encuentras en portada de <A href=\"http:\/\/cuatro.com\/\" title=\"http:\/\/cuatro.com\" id=\"link_0\">Cuatro.com<\/a>, poni\u00e9ndose un reto: si el v\u00eddeo llegar\u00e1 a las 50.000 visitas&#8230; Lamentables.<\/p>\n<p><IMG style=\"width: 595px; height: 344px;\" src=\"\/soyfriki\/wp-content\/uploads\/sites\/14\" id=\"img_0\" class=\"imgizqda\"><\/p>\n<p>La galer\u00eda, te regala 24 fotos en las que te cuentan qu\u00e9 lleva puesto Ana Sim\u00f3n, aunque su \u00fanico inter\u00e9s es venderte &#8216;tetas&#8217;. Que por cierto no vas a ver nunca.<\/p>\n<p>Lo dicho, penoso. Estoy esperando la reacci\u00f3n en <A href=\"http:\/\/twitter.com\/\" title=\"http:\/\/twitter.com\" id=\"link_1\">Twitter<\/a> .<\/p>\n","protected":false},"excerpt":{"rendered":"<p>Tonter\u00edas Las Justas se ha desmarcado con un v\u00eddeo y una galer\u00eda de fotos que directamente se dedican a explotar el escote de Ana Sim\u00f3n. No me lo esperaba. Y te lo encuentras en portada de Cuatro.com, poni\u00e9ndose un reto: si el v\u00eddeo llegar\u00e1 a las 50.000 visitas&#8230; Lamentables. La galer\u00eda, te regala 24 fotos [&hellip;]<\/p>\n","protected":false},"author":7,"featured_media":0,"comment_status":"open","ping_status":"closed","sticky":false,"template":"","format":"standard","meta":[],"categories":[9],"tags":[36,111,413,497],"_links":{"self":[{"href":"https:\/\/blogs.diariosur.es\/soyfriki\/wp-json\/wp\/v2\/posts\/180"}],"collection":[{"href":"https:\/\/blogs.diariosur.es\/soyfriki\/wp-json\/wp\/v2\/posts"}],"about":[{"href":"https:\/\/blogs.diariosur.es\/soyfriki\/wp-json\/wp\/v2\/types\/post"}],"author":[{"embeddable":true,"href":"https:\/\/blogs.diariosur.es\/soyfriki\/wp-json\/wp\/v2\/users\/7"}],"replies":[{"embeddable":true,"href":"https:\/\/blogs.diariosur.es\/soyfriki\/wp-json\/wp\/v2\/comments?post=180"}],"version-history":[{"count":0,"href":"https:\/\/blogs.diariosur.es\/soyfriki\/wp-json\/wp\/v2\/posts\/180\/revisions"}],"wp:attachment":[{"href":"https:\/\/blogs.diariosur.es\/soyfriki\/wp-json\/wp\/v2\/media?parent=180"}],"wp:term":[{"taxonomy":"category","embeddable":true,"href":"https:\/\/blogs.diariosur.es\/soyfriki\/wp-json\/wp\/v2\/categories?post=180"},{"taxonomy":"post_tag","embeddable":true,"href":"https:\/\/blogs.diariosur.es\/soyfriki\/wp-json\/wp\/v2\/tags?post=180"}],"curies":[{"name":"wp","href":"https:\/\/api.w.org\/{rel}","templated":true}]}}