{"id":182,"date":"2010-09-27T00:42:00","date_gmt":"2010-09-27T00:42:00","guid":{"rendered":"http:\/\/blogs.diariosur.es\/tuenti-facebook\/?p=182"},"modified":"2010-09-27T00:42:00","modified_gmt":"2010-09-27T00:42:00","slug":"iniciador-malaga-septiembre-joaquin-cuenca-panoramio","status":"publish","type":"post","link":"https:\/\/blogs.diariosur.es\/soyfriki\/2010\/09\/27\/iniciador-malaga-septiembre-joaquin-cuenca-panoramio\/","title":{"rendered":"Iniciador M\u00e1laga en septiembre: Joaqu\u00edn Cuenca (Panoramio)"},"content":{"rendered":"<p><A id=link_3 title=http:\/\/iniciador.com\/malaga\/ href=\"http:\/\/iniciador.com\/malaga\/\"><IMG style=\"WIDTH: 539px; HEIGHT: 182px\" id=img_0 src=\"\/\/iniciador.com\/files\/2010\/03\/post_fotos.jpg\" width=505 height=183><\/A><\/p>\n<p> Iniciador M\u00e1laga vuelve este mes de septiembre con <A id=link_1 title=http:\/\/www.joaquincuenca.com\/ href=\"http:\/\/www.joaquincuenca.com\/\">Joaqu\u00edn Cuenca<\/A>, cofundador de <A id=link_0 title=http:\/\/www.panoramio.com\/ href=\"http:\/\/www.panoramio.com\/\">Panoramio<\/A>, que ofrecer\u00e1 la charla &#8216;El desarrollo de Panoramio&#8217;. donde hablar\u00e1 sobre los inicios de la empresa as\u00ed como de las lecciones aprendidas hasta su venta a Google.<\/p>\n<p>Joaqu\u00edn posee una larga experiencia en el mundo de la inform\u00e1tica. Ha colaborado con varios proyectos de software libre y posee dos Masters: en F\u00edsica y Ciencias Computacionales. En el a\u00f1o 2005 comenz\u00f3 a trabajar en Panoramio junto a Eduardo Manch\u00f3n, empresa con la que a\u00fan colabora.<\/p>\n<p> Fecha: Martes, 28 de septiembre de 2010. De 18:00 a 20:30 horas.<br \/>\nLugar: Colegio de Veterinarios, Pasaje Esperanto, 1 \u00b7 29007.<\/p>\n<p><STRONG>Inscripciones: <\/STRONG><A href=\"http:\/\/www.facebook.com\/?ref=logo#!\/event.php?eid=147187678652056&#038;ref=mf\">Facebook<\/A> | <A href=\"https:\/\/www.xing.com\/events\/iniciador-malaga-28-de-septiembre-10-joaquin-cuenca-desarrollo-de-panoramio-565423\">Xing<\/A> | <A id=link_2 title=http:\/\/iniciador.com\/malaga\/2010\/09\/16\/iniciador-malaga-28-de-septiembre-10-joaquin-cuenca-panoramio\/ href=\"http:\/\/iniciador.com\/malaga\/2010\/09\/16\/iniciador-malaga-28-de-septiembre-10-joaquin-cuenca-panoramio\/\">Iniciador<\/A><\/p>\n","protected":false},"excerpt":{"rendered":"<p>Iniciador M\u00e1laga vuelve este mes de septiembre con Joaqu\u00edn Cuenca, cofundador de Panoramio, que ofrecer\u00e1 la charla &#8216;El desarrollo de Panoramio&#8217;. donde hablar\u00e1 sobre los inicios de la empresa as\u00ed como de las lecciones aprendidas hasta su venta a Google. Joaqu\u00edn posee una larga experiencia en el mundo de la inform\u00e1tica. Ha colaborado con varios [&hellip;]<\/p>\n","protected":false},"author":7,"featured_media":0,"comment_status":"open","ping_status":"closed","sticky":false,"template":"","format":"standard","meta":[],"categories":[9],"tags":[165,235,281,348,525],"_links":{"self":[{"href":"https:\/\/blogs.diariosur.es\/soyfriki\/wp-json\/wp\/v2\/posts\/182"}],"collection":[{"href":"https:\/\/blogs.diariosur.es\/soyfriki\/wp-json\/wp\/v2\/posts"}],"about":[{"href":"https:\/\/blogs.diariosur.es\/soyfriki\/wp-json\/wp\/v2\/types\/post"}],"author":[{"embeddable":true,"href":"https:\/\/blogs.diariosur.es\/soyfriki\/wp-json\/wp\/v2\/users\/7"}],"replies":[{"embeddable":true,"href":"https:\/\/blogs.diariosur.es\/soyfriki\/wp-json\/wp\/v2\/comments?post=182"}],"version-history":[{"count":0,"href":"https:\/\/blogs.diariosur.es\/soyfriki\/wp-json\/wp\/v2\/posts\/182\/revisions"}],"wp:attachment":[{"href":"https:\/\/blogs.diariosur.es\/soyfriki\/wp-json\/wp\/v2\/media?parent=182"}],"wp:term":[{"taxonomy":"category","embeddable":true,"href":"https:\/\/blogs.diariosur.es\/soyfriki\/wp-json\/wp\/v2\/categories?post=182"},{"taxonomy":"post_tag","embeddable":true,"href":"https:\/\/blogs.diariosur.es\/soyfriki\/wp-json\/wp\/v2\/tags?post=182"}],"curies":[{"name":"wp","href":"https:\/\/api.w.org\/{rel}","templated":true}]}}