{"id":185,"date":"2010-10-03T19:51:00","date_gmt":"2010-10-03T19:51:00","guid":{"rendered":"http:\/\/blogs.diariosur.es\/tuenti-facebook\/?p=185"},"modified":"2010-10-03T19:51:00","modified_gmt":"2010-10-03T19:51:00","slug":"como-poner-chat-facebook-la-barra-firefox-muy-util","status":"publish","type":"post","link":"https:\/\/blogs.diariosur.es\/soyfriki\/2010\/10\/03\/como-poner-chat-facebook-la-barra-firefox-muy-util\/","title":{"rendered":"C\u00f3mo poner el chat de Facebook en la barra de Firefox (muy \u00fatil)"},"content":{"rendered":"<p>He le\u00eddo por alg\u00fan blog que el <strong>Chat de Facebook<\/strong> es el nuevo Messenger, del mismo modo que Twitter se ha cargado el correo electr\u00f3nico tal y como lo conoc\u00edamos. Generalmente, no puedes charlar por el chat si no es teniendo abierto todo <strong>Facebook<\/strong>, pero el mil p\u00e1gina te explican c\u00f3mo colocarlo en la barra lateral de Firefox, y hacer tu vida un poco m\u00e1s sencilla. <\/p>\n<p>Donde lo he entendido mejor es en <A href=\"http:\/\/myspace.wihe.net\/\" title=\"http:\/\/myspace.wihe.net\/\" id=\"link_0\">http:\/\/myspace.wihe.net\/<\/a> y de ah\u00ed cojo los pantallazos -gracias de antemuslo- para que os enter\u00e9is muy muy bien.<\/p>\n<p>  En tu men\u00fa de Firefox encontrar\u00e1s el submen\u00fa &#8216;Marcadores&#8217;. Bien, entre y clicka en &#8216;Organizar marcadores&#8217;.<\/p>\n<p> <IMG src=\"\/\/web.wihe.net\/wp-content\/uploads\/2009\/11\/chat-facebook-1.JPG\" alt=\"chat-facebook 1\" class=\"alignnone size-full wp-image-8309\" title=\"Poner el Chat de Facebook en barra lateral de Firefox\" height=\"92\" width=\"299\"><\/p>\n<p>\u00bfVale? Ahora selecciona &#8216;Nuevo marcador&#8217; y escribe &#8216;Facebook Chat&#8217;. La direcci\u00f3n url es <A href=\"http:\/\/www.facebook.com\/presence\/popout.php\" title=\"http:\/\/www.facebook.com\/presence\/popout.php\" id=\"link_1\">http:\/\/www.facebook.com\/presence\/popout.php<\/a>. \u00a1Importante! Marca la pesta\u00f1a que pone &#8216;Cargar este marcador en la barra lateral.<\/p>\n<p> <IMG src=\"\/\/web.wihe.net\/wp-content\/uploads\/2009\/11\/chat-facebook2.JPG\" alt=\"chat-facebook2\" class=\"alignnone size-full wp-image-8310\" title=\"Poner el Chat de Facebook en barra lateral de Firefox\" height=\"239\" width=\"320\"><\/p>\n<p>Ahora, de nuevo en el Men\u00fa\u00ed, clicka &#8216;Ver&#8217; &#8211;> &#8216;Panel Lateral&#8217; &#8211;> &#8216;Marcadores&#8217;. Y selecciona &#8216;Facebook Chat&#8217;.<\/p>\n<p> <IMG src=\"\/\/web.wihe.net\/wp-content\/uploads\/2009\/11\/chat-facebook3.JPG\" alt=\"chat-facebook3\" class=\"alignnone size-full wp-image-8311\" title=\"Poner el Chat de Facebook en barra lateral de Firefox\" height=\"102\" width=\"320\"><\/p>\n<p>\u00a1A m\u00ed me funciona! \u00bfY a t\u00ed?<\/p>\n","protected":false},"excerpt":{"rendered":"<p>He le\u00eddo por alg\u00fan blog que el Chat de Facebook es el nuevo Messenger, del mismo modo que Twitter se ha cargado el correo electr\u00f3nico tal y como lo conoc\u00edamos. Generalmente, no puedes charlar por el chat si no es teniendo abierto todo Facebook, pero el mil p\u00e1gina te explican c\u00f3mo colocarlo en la barra [&hellip;]<\/p>\n","protected":false},"author":7,"featured_media":0,"comment_status":"open","ping_status":"closed","sticky":false,"template":"","format":"standard","meta":[],"categories":[9],"tags":[57,87,165,175],"_links":{"self":[{"href":"https:\/\/blogs.diariosur.es\/soyfriki\/wp-json\/wp\/v2\/posts\/185"}],"collection":[{"href":"https:\/\/blogs.diariosur.es\/soyfriki\/wp-json\/wp\/v2\/posts"}],"about":[{"href":"https:\/\/blogs.diariosur.es\/soyfriki\/wp-json\/wp\/v2\/types\/post"}],"author":[{"embeddable":true,"href":"https:\/\/blogs.diariosur.es\/soyfriki\/wp-json\/wp\/v2\/users\/7"}],"replies":[{"embeddable":true,"href":"https:\/\/blogs.diariosur.es\/soyfriki\/wp-json\/wp\/v2\/comments?post=185"}],"version-history":[{"count":0,"href":"https:\/\/blogs.diariosur.es\/soyfriki\/wp-json\/wp\/v2\/posts\/185\/revisions"}],"wp:attachment":[{"href":"https:\/\/blogs.diariosur.es\/soyfriki\/wp-json\/wp\/v2\/media?parent=185"}],"wp:term":[{"taxonomy":"category","embeddable":true,"href":"https:\/\/blogs.diariosur.es\/soyfriki\/wp-json\/wp\/v2\/categories?post=185"},{"taxonomy":"post_tag","embeddable":true,"href":"https:\/\/blogs.diariosur.es\/soyfriki\/wp-json\/wp\/v2\/tags?post=185"}],"curies":[{"name":"wp","href":"https:\/\/api.w.org\/{rel}","templated":true}]}}