{"id":186,"date":"2010-10-04T13:33:00","date_gmt":"2010-10-04T13:33:00","guid":{"rendered":"http:\/\/blogs.diariosur.es\/tuenti-facebook\/?p=186"},"modified":"2010-10-04T13:33:00","modified_gmt":"2010-10-04T13:33:00","slug":"los-verdaderos-protagonistas-del-web-congress-malaga-otro","status":"publish","type":"post","link":"https:\/\/blogs.diariosur.es\/soyfriki\/2010\/10\/04\/los-verdaderos-protagonistas-del-web-congress-malaga-otro\/","title":{"rendered":"Los verdaderos protagonistas del Web Congress M\u00e1laga (otro resumen)"},"content":{"rendered":"<p><A href=\"http:\/\/twitter.com\/interdevel\" title=\"http:\/\/twitter.com\/interdevel \" id=\"link_0\">@interdevel<\/a> se ha marcado el detallazo de recopilar 500 tweets del Web Congress M\u00e1laga (<A href=\"http:\/\/twitter.com\/#search?q=%23webcongress\" title=\"http:\/\/twitter.com\/#search?q=%23webcongress\" id=\"link_2\">#webcongress<\/a>) v\u00eda <A href=\"http:\/\/tweetdoc.org\/\" title=\"http:\/\/TweetDoc.org\" id=\"link_1\">TweetDoc<\/a>. Nos ha quedado este bonito mosaico de cabecitas pensantes 2.0 d\u00e1ndole al <A href=\"http:\/\/twitter.com\/\" title=\"http:\/\/Twitter.com\" id=\"link_3\">Twitter<\/a>. No est\u00e1 nada mal para ser el primero.<\/p>\n<p><IMG src=\"\/soyfriki\/wp-content\/uploads\/sites\/14\" id=\"img_0\" class=\"imgizqda\"><\/p>\n<p>S\u00f3lo una curiosidad, entre las trending words del evento estuvieron &#8216;workshop&#8217; y &#8216;seo&#8217; y no &#8216;Twitter&#8217; o &#8216;<A href=\"http:\/\/facebook.com\/\" title=\"http:\/\/Facebook.com\" id=\"link_4\">Facebook<\/a>&#8216;.<\/p>\n<p><IMG src=\"\/\/blogs.diariosur.es\/tuenti-facebook\/files\/WebCongressmalagaasistente.html\" id=\"img_0\"><IMG src=\"\/\/blogs.diariosur.es\/tuenti-facebook\/files\/WebCongressmalagaasistente.html\" id=\"img_1\"><\/p>\n","protected":false},"excerpt":{"rendered":"<p>@interdevel se ha marcado el detallazo de recopilar 500 tweets del Web Congress M\u00e1laga (#webcongress) v\u00eda TweetDoc. Nos ha quedado este bonito mosaico de cabecitas pensantes 2.0 d\u00e1ndole al Twitter. No est\u00e1 nada mal para ser el primero. S\u00f3lo una curiosidad, entre las trending words del evento estuvieron &#8216;workshop&#8217; y &#8216;seo&#8217; y no &#8216;Twitter&#8217; o [&hellip;]<\/p>\n","protected":false},"author":7,"featured_media":0,"comment_status":"open","ping_status":"closed","sticky":false,"template":"","format":"standard","meta":[],"categories":[9],"tags":[108,165,281,483,511],"_links":{"self":[{"href":"https:\/\/blogs.diariosur.es\/soyfriki\/wp-json\/wp\/v2\/posts\/186"}],"collection":[{"href":"https:\/\/blogs.diariosur.es\/soyfriki\/wp-json\/wp\/v2\/posts"}],"about":[{"href":"https:\/\/blogs.diariosur.es\/soyfriki\/wp-json\/wp\/v2\/types\/post"}],"author":[{"embeddable":true,"href":"https:\/\/blogs.diariosur.es\/soyfriki\/wp-json\/wp\/v2\/users\/7"}],"replies":[{"embeddable":true,"href":"https:\/\/blogs.diariosur.es\/soyfriki\/wp-json\/wp\/v2\/comments?post=186"}],"version-history":[{"count":0,"href":"https:\/\/blogs.diariosur.es\/soyfriki\/wp-json\/wp\/v2\/posts\/186\/revisions"}],"wp:attachment":[{"href":"https:\/\/blogs.diariosur.es\/soyfriki\/wp-json\/wp\/v2\/media?parent=186"}],"wp:term":[{"taxonomy":"category","embeddable":true,"href":"https:\/\/blogs.diariosur.es\/soyfriki\/wp-json\/wp\/v2\/categories?post=186"},{"taxonomy":"post_tag","embeddable":true,"href":"https:\/\/blogs.diariosur.es\/soyfriki\/wp-json\/wp\/v2\/tags?post=186"}],"curies":[{"name":"wp","href":"https:\/\/api.w.org\/{rel}","templated":true}]}}