{"id":192,"date":"2010-11-03T17:00:00","date_gmt":"2010-11-03T17:00:00","guid":{"rendered":"http:\/\/blogs.diariosur.es\/tuenti-facebook\/?p=192"},"modified":"2010-11-03T17:00:00","modified_gmt":"2010-11-03T17:00:00","slug":"top-twitter-espana-28-novedades-el-ranking-y-sur-es-el","status":"publish","type":"post","link":"https:\/\/blogs.diariosur.es\/soyfriki\/2010\/11\/03\/top-twitter-espana-28-novedades-el-ranking-y-sur-es-el\/","title":{"rendered":"Top Twitter Espa\u00f1a: 28 novedades en el ranking y SUR.es en el puesto 62"},"content":{"rendered":"<p><IMG src=\"\/\/www.google.es\/imgres?imgurl=http:\/\/bloganalisis.com\/wp-content\/uploads\/2009\/02\/233grados-1.jpg&#038;imgrefurl=http:\/\/bloganalisis.com\/233gradoscom-el-futuro-del-periodismo-lo-decides-tu\/&#038;usg=__ESQLe-U63geQqpS5BuHddUvP_Fo=&#038;h=348&#038;w=466&#038;sz=50&#038;hl=es&#038;start=0&#038;zoom=1&#038;tbnid=D1w8xFE2OKdbCM:&#038;tbnh=143&#038;tbnw=191&#038;prev=\/images%3Fq%3D233grados%26um%3D1%26hl%3Des%26client%3Dfirefox-a%26sa%3DN%26rlz%3D1R1GGGL_es___ES357%26biw%3D1280%26bih%3D793%26tbs%3Disch:1&#038;um=1&#038;itbs=1&#038;iact=hc&#038;vpx=143&#038;vpy=119&#038;dur=1207&#038;hovh=194&#038;hovw=260&#038;tx=161&#038;ty=97&#038;ei=X0fRTM-GO8WUOqLZ5YoM&#038;oei=X0fRTM-GO8WUOqLZ5YoM&#038;esq=1&#038;page=1&#038;ndsp=22&#038;ved=1t:429,r:0,s:0\" id=\"img_0\"><IMG class=\"imgdcha\" src=\"\/\/bloganalisis.com\/wp-content\/uploads\/2009\/02\/233grados-1-300x224.jpg\" id=\"img_1\" height=\"202\" width=\"270\">El <A href=\"http:\/\/www.233grados.com\/blog\/\" title=\"http:\/\/www.233grados.com\/blog\/\" id=\"link_0\">blog 233 grados<\/a>  ya public\u00f3 el pasado mes de octubre su <A href=\"http:\/\/www.233grados.com\/blog\/2010\/11\/toptwitter.html\" title=\"http:\/\/www.233grados.com\/blog\/2010\/11\/toptwitter.html\" id=\"link_1\">Ranking de Sitios Twitter<\/a>, referentes a medios de informaci\u00f3n. Este mes han ampliado el n\u00famero de medios, porque entre otras cosas dejaron a <A href=\"http:\/\/twitter.com\/diario_sur\" title=\"http:\/\/twitter.com\/diario_sur\" id=\"link_2\">Diario SUR<\/a>  en su primera oleada, y ahora ya est\u00e1 inclu\u00eddo. Por supuesto, gracias de antemano. <\/p>\n<p>El Top 100 tiene en an\u00e1lisis 143 cuentas de Twitter diferentes y entre los 28 nuevos miembros est\u00e1 <strong>Diario SUR<\/strong>, en el puesto 62 (con 1.890 &#8216;followers&#8217;). Lo mejor es que se ha convertido en el segundo medio regional por n\u00famero de seguidores, en este campo s\u00f3lo por detr\u00e1s de Madrid Diario (2.256). El hecho es que <strong>EuropaFM<\/strong>, <strong>Quo<\/strong>, <strong>COPE <\/strong>o <strong>FHM <\/strong>est\u00e1n por detr\u00e1s del medio malague\u00f1o en el ranking.<\/p>\n<p>Un mapa medi\u00e1tico de Twitter en el que la revista <strong>Muy Interesante<\/strong> est\u00e1 a la cabeza. Comentan en 233 Grados que el list\u00f3n est\u00e1 casi en los 1.000 seguidores para poder entrar en el ranking. Los medios con mayor y mejor presencia en Twitter siguen siendo los peri\u00f3dicos (31%) y las revistas (25%), seguidos de los medios digitales (18%) y las televisiones (17%).<\/p>\n<table id=\"tabla-twitter\" border=\"0\">\n<thead>\n<tr>\n<th>Rank<\/th>\n<th class=\"medio\">Medio<\/th>\n<th>Seguidores<\/th>\n<th>\n<\/th>\n<\/tr>\n<\/thead>\n<tbody>\n<tr>\n<td>1<\/td>\n<td class=\"medio\"><A href=\"http:\/\/twitter.com\/#%21\/muyinteresante\">Muy Interesante<\/a><\/td>\n<td>336.351<\/td>\n<td> <\/td>\n<\/tr>\n<tr>\n<td>2<\/td>\n<td class=\"medio\"><A href=\"http:\/\/twitter.com\/#%21\/el_pais\">El Pa\u00eds<\/a><\/td>\n<td>288.072<\/td>\n<td>\n<\/td>\n<\/tr>\n<tr>\n<td>3<\/td>\n<td class=\"medio\"><A href=\"http:\/\/twitter.com\/#%21\/elmundoes\">El Mundo<\/a><\/td>\n<td>166.180<\/td>\n<td>\n<\/td>\n<\/tr>\n<tr>\n<td>4<\/td>\n<td class=\"medio\"><A href=\"http:\/\/twitter.com\/#%21\/mundodeportivo\">El Mundo Deportivo <\/a><\/td>\n<td>156.333<\/td>\n<td>\n<\/td>\n<\/tr>\n<tr>\n<td>5<\/td>\n<td class=\"medio\"><A href=\"http:\/\/twitter.com\/#%21\/la_informacion\">lainformacion.com<\/a><\/td>\n<td>124.300<\/td>\n<td>\n<\/td>\n<\/tr>\n<tr>\n<td>6<\/td>\n<td class=\"medio\"><A href=\"http:\/\/twitter.com\/#%21\/publico_es\">P\u00fablico<\/a><\/td>\n<td>93.354<\/td>\n<td>\n<\/td>\n<\/tr>\n<tr>\n<td>7<\/td>\n<td class=\"medio\"><A href=\"http:\/\/twitter.com\/#%21\/marcacom\">Marca<\/a><\/td>\n<td>83.904<\/td>\n<td>\n<\/td>\n<\/tr>\n<tr>\n<td>8<\/td>\n<td class=\"medio\"><A href=\"http:\/\/twitter.com\/#%21\/diarioas\">As<\/a><\/td>\n<td>47.829<\/td>\n<td>\n<\/td>\n<\/tr>\n<tr>\n<td>9<\/td>\n<td class=\"medio\"><A href=\"http:\/\/twitter.com\/#%21\/holacom\">Hola<\/a><\/td>\n<td>31.316<\/td>\n<td>\n<\/td>\n<\/tr>\n<tr>\n<td>10<\/td>\n<td class=\"medio\"><A href=\"http:\/\/twitter.com\/#%21\/diario_SPORT\">Sport<\/a><\/td>\n<td>20.504<\/td>\n<td>\n<\/td>\n<\/tr>\n<\/tbody>\n<\/table>\n<p>M\u00e1s informaci\u00f3n en <A href=\"http:\/\/www.233grados.com\/blog\/2010\/11\/toptwitter.html\" title=\"http:\/\/www.233grados.com\/blog\/2010\/11\/toptwitter.html\" id=\"link_3\">http:\/\/www.233grados.com\/blog\/2010\/11\/toptwitter.html<\/a> <\/p>\n","protected":false},"excerpt":{"rendered":"<p>El blog 233 grados ya public\u00f3 el pasado mes de octubre su Ranking de Sitios Twitter, referentes a medios de informaci\u00f3n. Este mes han ampliado el n\u00famero de medios, porque entre otras cosas dejaron a Diario SUR en su primera oleada, y ahora ya est\u00e1 inclu\u00eddo. Por supuesto, gracias de antemano. El Top 100 tiene [&hellip;]<\/p>\n","protected":false},"author":7,"featured_media":0,"comment_status":"open","ping_status":"closed","sticky":false,"template":"","format":"standard","meta":[],"categories":[9],"tags":[353,382,483],"_links":{"self":[{"href":"https:\/\/blogs.diariosur.es\/soyfriki\/wp-json\/wp\/v2\/posts\/192"}],"collection":[{"href":"https:\/\/blogs.diariosur.es\/soyfriki\/wp-json\/wp\/v2\/posts"}],"about":[{"href":"https:\/\/blogs.diariosur.es\/soyfriki\/wp-json\/wp\/v2\/types\/post"}],"author":[{"embeddable":true,"href":"https:\/\/blogs.diariosur.es\/soyfriki\/wp-json\/wp\/v2\/users\/7"}],"replies":[{"embeddable":true,"href":"https:\/\/blogs.diariosur.es\/soyfriki\/wp-json\/wp\/v2\/comments?post=192"}],"version-history":[{"count":0,"href":"https:\/\/blogs.diariosur.es\/soyfriki\/wp-json\/wp\/v2\/posts\/192\/revisions"}],"wp:attachment":[{"href":"https:\/\/blogs.diariosur.es\/soyfriki\/wp-json\/wp\/v2\/media?parent=192"}],"wp:term":[{"taxonomy":"category","embeddable":true,"href":"https:\/\/blogs.diariosur.es\/soyfriki\/wp-json\/wp\/v2\/categories?post=192"},{"taxonomy":"post_tag","embeddable":true,"href":"https:\/\/blogs.diariosur.es\/soyfriki\/wp-json\/wp\/v2\/tags?post=192"}],"curies":[{"name":"wp","href":"https:\/\/api.w.org\/{rel}","templated":true}]}}