{"id":193,"date":"2010-11-05T12:45:00","date_gmt":"2010-11-05T12:45:00","guid":{"rendered":"http:\/\/blogs.diariosur.es\/tuenti-facebook\/?p=193"},"modified":"2010-11-05T12:45:00","modified_gmt":"2010-11-05T12:45:00","slug":"llega-tercera-edicion-iweekend-malaga-emprendedores","status":"publish","type":"post","link":"https:\/\/blogs.diariosur.es\/soyfriki\/2010\/11\/05\/llega-tercera-edicion-iweekend-malaga-emprendedores\/","title":{"rendered":"Llega la tercera edici\u00f3n de iWeekend M\u00e1laga para emprendedores"},"content":{"rendered":"<p>El 26, 27 y 28 de noviembre tendr\u00e1 lugar la tercera edici\u00f3n de <A href=\"http:\/\/www.iweekend.org\/malaga\" title=\"http:\/\/www.iweekend.org\/malaga\" id=\"link_0\">iWeekend en M\u00e1laga<\/a> . Es un evento pionero que re\u00fane profesionales de empresas, apasionados de las nuevas tecnolog\u00edas, dise\u00f1adores web, programadores y emprendedores con proyectos innovadores. Todos trabajar\u00e1n para seleccionar tres ideas, desarrollarlas y poner en marcha tres &#8216;startups&#8217; de base tecnol\u00f3gica en s\u00f3lo un fin de semana.<\/p>\n<p>El evento se celebrar\u00e1 en el edificio Prom\u00e1laga I+D+i, el aforo est\u00e1 limitado a 50 personas y el plazo de inscripci\u00f3n finaliza el 20 de Noviembre. <\/p>\n<p><IMG src=\"\/\/iweekend.org\/malaga\/files\/2010\/10\/malaga.jpg\" id=\"img_0\" height=\"280\" width=\"602\"><\/p>\n<p>iWeekend se celebrar\u00e1 tambi\u00e9n a lo largo del mes de noviembre en m\u00e1s de 15 ciudades, y de manera global con ediciones en M\u00e9jico, Rusia, China e India. El objetivo es crear una comunidad global de emprendedores.<\/p>\n<p>El iWeekend es una experiencia extraordinaria para todos los participantes, incluso para los que no consiguen convencer a los dem\u00e1s de su idea. Es una ocasi\u00f3n de conocer 50 personas interesadas en las nuevas tecnolog\u00edas y conseguir inversores para su puesta en marcha.<\/p>\n<p>iWeekend, que este a\u00f1o se qued\u00f3 sin estructura, est\u00e1 organizado y coordinado del evento est\u00e1 a cargo de un grupo de voluntarios que se han conocido en las dos ediciones anteriores.<\/p>\n","protected":false},"excerpt":{"rendered":"<p>El 26, 27 y 28 de noviembre tendr\u00e1 lugar la tercera edici\u00f3n de iWeekend en M\u00e1laga . Es un evento pionero que re\u00fane profesionales de empresas, apasionados de las nuevas tecnolog\u00edas, dise\u00f1adores web, programadores y emprendedores con proyectos innovadores. Todos trabajar\u00e1n para seleccionar tres ideas, desarrollarlas y poner en marcha tres &#8216;startups&#8217; de base tecnol\u00f3gica [&hellip;]<\/p>\n","protected":false},"author":7,"featured_media":0,"comment_status":"open","ping_status":"closed","sticky":false,"template":"","format":"standard","meta":[],"categories":[9],"tags":[252,281],"_links":{"self":[{"href":"https:\/\/blogs.diariosur.es\/soyfriki\/wp-json\/wp\/v2\/posts\/193"}],"collection":[{"href":"https:\/\/blogs.diariosur.es\/soyfriki\/wp-json\/wp\/v2\/posts"}],"about":[{"href":"https:\/\/blogs.diariosur.es\/soyfriki\/wp-json\/wp\/v2\/types\/post"}],"author":[{"embeddable":true,"href":"https:\/\/blogs.diariosur.es\/soyfriki\/wp-json\/wp\/v2\/users\/7"}],"replies":[{"embeddable":true,"href":"https:\/\/blogs.diariosur.es\/soyfriki\/wp-json\/wp\/v2\/comments?post=193"}],"version-history":[{"count":0,"href":"https:\/\/blogs.diariosur.es\/soyfriki\/wp-json\/wp\/v2\/posts\/193\/revisions"}],"wp:attachment":[{"href":"https:\/\/blogs.diariosur.es\/soyfriki\/wp-json\/wp\/v2\/media?parent=193"}],"wp:term":[{"taxonomy":"category","embeddable":true,"href":"https:\/\/blogs.diariosur.es\/soyfriki\/wp-json\/wp\/v2\/categories?post=193"},{"taxonomy":"post_tag","embeddable":true,"href":"https:\/\/blogs.diariosur.es\/soyfriki\/wp-json\/wp\/v2\/tags?post=193"}],"curies":[{"name":"wp","href":"https:\/\/api.w.org\/{rel}","templated":true}]}}