{"id":196,"date":"2010-11-19T09:04:00","date_gmt":"2010-11-19T09:04:00","guid":{"rendered":"http:\/\/blogs.diariosur.es\/tuenti-facebook\/?p=196"},"modified":"2010-11-19T09:04:00","modified_gmt":"2010-11-19T09:04:00","slug":"evento-blog-ebe-abre-sus-puertas-esta-manana","status":"publish","type":"post","link":"https:\/\/blogs.diariosur.es\/soyfriki\/2010\/11\/19\/evento-blog-ebe-abre-sus-puertas-esta-manana\/","title":{"rendered":"Evento Blog, EBE, abre sus puertas esta ma\u00f1ana"},"content":{"rendered":"<p> <A href=\"http:\/\/eventoblog.com\/\" title=\"http:\/\/eventoblog.com\/\" id=\"link_0\">Evento Blog 2010, EBE <\/a> para los amigos, est\u00e1 considerado como la segunda gran cita de la web social  en Europa, sobre todo n\u00famero de asistentes. Este fin de semana celebra el 5\u00ba aniversario Sevilla. Desde esta misma ma\u00f1ana.  \u00bfSabes cu\u00e1nta gente ser re\u00fane aqu\u00ed? 2.500 personas. <\/p>\n<p>En torno a la web social, lo importante de EBE es el networking, desvirtualizar. Un punto de encuentro de personas e ideas donde las relaciones virtuales se hacen reales entre profesionales y aficionados.<\/p>\n<p><A href=\"http:\/\/vimeo.com\/15327425\">5\u00ba Aniversario de EBE \/ Our 5th Anniversary<\/a> from <A href=\"http:\/\/vimeo.com\/eventoblog\">Evento Blog Espa\u00f1a<\/a> on <A href=\"http:\/\/vimeo.com\">Vimeo<\/a>.<\/p>\n<p><A href=\"http:\/\/eventoblog.com\/programa\/\" title=\"http:\/\/eventoblog.com\/programa\/\" id=\"link_2\"> Este a\u00f1o la el tema principal es<\/a>  <A href=\"http:\/\/eventoblog.com\/\" title=\"http:\/\/eventoblog.com\/\" id=\"link_1\"><\/a>la web en la vida cotidiana. La desaparici\u00f3n de la frontera entre la vida real y la digital. El salto del on al off line. Habr\u00e1, eso s\u00ed, muchas sesiones paralelas con enfoque m\u00e1s pr\u00e1ctico, como la jornada de ma\u00f1ana s\u00e1bado que desde primera hora de la ma\u00f1ana reune a los principales grupos de bloggers: moda, cocina, tecnolog\u00eda&#8230;<\/p>\n<p>Otras l\u00edneas maestras de esta edici\u00f3n son emprender innovando, la internacionalizaci\u00f3n de las empresas y las relaciones p\u00fablicas en la era de las redes social.<\/p>\n<p>Pero sobre todo, a EBE asisten personas, por lo que se potencia  la zona de networking. Habr\u00e1 horas de encuentro espec\u00edficas para que los autores de blogs de ciertos temas puedan reunirse.<\/p>\n<p>Me encanta el esp\u00edritu participativo de EBE y por eso vamos a seguir el twitter de <A href=\"http:\/\/twitter.com\/eventoblog\" title=\"http:\/\/twitter.com\/eventoblog\" id=\"link_3\">@eventoblog<\/a>  y el tag <A href=\"http:\/\/twitter.com\/#search?q=ebe10%20OR%20%23ebe10\" title=\"http:\/\/twitter.com\/#search?q=ebe10%20OR%20%23ebe10\" id=\"link_4\">#EBE10<\/a> . Queda muy poquito&#8230;<\/p>\n","protected":false},"excerpt":{"rendered":"<p>Evento Blog 2010, EBE para los amigos, est\u00e1 considerado como la segunda gran cita de la web social en Europa, sobre todo n\u00famero de asistentes. Este fin de semana celebra el 5\u00ba aniversario Sevilla. Desde esta misma ma\u00f1ana. \u00bfSabes cu\u00e1nta gente ser re\u00fane aqu\u00ed? 2.500 personas. En torno a la web social, lo importante de [&hellip;]<\/p>\n","protected":false},"author":7,"featured_media":0,"comment_status":"open","ping_status":"closed","sticky":false,"template":"","format":"standard","meta":[],"categories":[9],"tags":[],"_links":{"self":[{"href":"https:\/\/blogs.diariosur.es\/soyfriki\/wp-json\/wp\/v2\/posts\/196"}],"collection":[{"href":"https:\/\/blogs.diariosur.es\/soyfriki\/wp-json\/wp\/v2\/posts"}],"about":[{"href":"https:\/\/blogs.diariosur.es\/soyfriki\/wp-json\/wp\/v2\/types\/post"}],"author":[{"embeddable":true,"href":"https:\/\/blogs.diariosur.es\/soyfriki\/wp-json\/wp\/v2\/users\/7"}],"replies":[{"embeddable":true,"href":"https:\/\/blogs.diariosur.es\/soyfriki\/wp-json\/wp\/v2\/comments?post=196"}],"version-history":[{"count":0,"href":"https:\/\/blogs.diariosur.es\/soyfriki\/wp-json\/wp\/v2\/posts\/196\/revisions"}],"wp:attachment":[{"href":"https:\/\/blogs.diariosur.es\/soyfriki\/wp-json\/wp\/v2\/media?parent=196"}],"wp:term":[{"taxonomy":"category","embeddable":true,"href":"https:\/\/blogs.diariosur.es\/soyfriki\/wp-json\/wp\/v2\/categories?post=196"},{"taxonomy":"post_tag","embeddable":true,"href":"https:\/\/blogs.diariosur.es\/soyfriki\/wp-json\/wp\/v2\/tags?post=196"}],"curies":[{"name":"wp","href":"https:\/\/api.w.org\/{rel}","templated":true}]}}