{"id":199,"date":"2010-11-23T19:44:00","date_gmt":"2010-11-23T19:44:00","guid":{"rendered":"http:\/\/blogs.diariosur.es\/tuenti-facebook\/?p=199"},"modified":"2010-11-23T19:44:00","modified_gmt":"2010-11-23T19:44:00","slug":"eats-twitts-y-alcalde-sorpresa","status":"publish","type":"post","link":"https:\/\/blogs.diariosur.es\/soyfriki\/2010\/11\/23\/eats-twitts-y-alcalde-sorpresa\/","title":{"rendered":"Eats, twitts y un alcalde por sorpresa"},"content":{"rendered":"<p>Comer y twitear son dos grandes vicios de la sociedad 2.0 que cada vez que se dan juntos, re\u00fanen a gran n\u00famero de personas.<A href=\"http:\/\/EatsandTwitts.com.es\" title=\"http:\/\/EatsandTwitts.com.es\" id=link_0> Eats and Twitts<\/a>  es un ejemplo de ello. Esta cita para usuarios de Twitter, ya est\u00e1 instaurada en el calendario de diferentes ciudades. Est\u00e1 presente en Madrid, Barcelona, Valencia, y hoy a mediod\u00eda le toc\u00f3 su parada en M\u00e1laga. Twitteros &#8216;heavy users&#8217; ser re\u00fanen en torno a un buen almuerzo para desvirtualizarse y hacer networking.<\/p>\n<p><IMG src=\"\/soyfriki\/wp-content\/uploads\/sites\/14\" id=\"img_0\" class=\"imgdcha\" height=\"253\" width=\"362\">En M\u00e1laga se han dado cita m\u00e1s de 30 profesionales de medios de comunicaci\u00f3n, del SEO, el marketing, la publicidad y peque\u00f1os empresarios de cualquier tipo, que han intercambiado sus impresiones sobre redes sociales. <\/p>\n<p> Es la segunda ocasi\u00f3n que la gente twittea en M\u00e1laga en torno a la mesa  del Tryp Guadalmar, pero esta ha sido especial. Porque la concejala de  Bienestar Social, <A href=\"http:\/\/twitter.com\/Mariviromero\" title=\"http:\/\/twitter.com\/Mariviromero\" id=link_0>@Mariviromero<\/a> , anunciaba poco antes v\u00eda Twitter que como  invitados de excepci\u00f3n estar\u00edan el edil de Participaci\u00f3n Ciudadana, <A href=\"http:\/\/twitter.com\/JulioAndrade_Ru\" title=\"http:\/\/twitter.com\/JulioAndrade_Ru\" id=\"link_1\">@JulioAndrade_Ru<\/a> ; el de Nuevas Tecnolog\u00edas, @<A href=\"http:\/\/twitter.com\/Francisalasm\" title=\"http:\/\/twitter.com\/Francisalasm\" id=\"link_2\">Francisalasm<\/a> , y el propio alcalde  de la capital, <A href=\"http:\/\/twitter.com\/#%21\/pacodelatorrep\" title=\"http:\/\/twitter.com\/#!\/pacodelatorrep\" id=\"link_3\">@PacodelaTorreP<\/a>. Reciente usuario de Twitter, ha  llegado all\u00ed como uno m\u00e1s, y al menos durante el primer plato ha estado  intercambiando impresiones de la Red con su mesa.<\/p>\n<p>Nada m\u00e1s llegar, los organizadores te entregaban una chapa con la imagen de tu avatar y tu nick, para que sel salto del online al offline no fuera muy brusco. As\u00ed, hab\u00eda gente que te conoc\u00eda por tu nick, y no por tu nombre. O que no imaginaba que tuvieras una cara, cuando en la red no eres m\u00e1s que un logo. <\/p>\n<p>Para favorecer la conversaci\u00f3n (traducido por networking), entre gentes de distintas profesiones y edades, sorteaban las mesas por distintos #hashtag. As\u00ed  te olvidabas de las caras de los de siempre y te embarcabas en conversaciones inesperadas. Lo mejor, como hac\u00edan muchos, era levantarse de la mesa y bichear. Intercambiar tarjetas y hablar con cuantos m\u00e1s mejor. <\/p>\n<p><IMG src=\"\/soyfriki\/wp-content\/uploads\/sites\/14\" id=\"img_0\" class=\"imgdcha\" height=\"265\" width=\"352\">Y, por supuesto, colgar las fotos en tu yfrog o twitpic, para contarle a todo el mundo con qui\u00e9n compart\u00edas una copa de vino en ese momento. Eso s\u00ed, sin olvidar el hashtag <A href=\"http:\/\/twitter.com\/#%21\/search\/%23Eatsandtwitts\" title=\"http:\/\/twitter.com\/#!\/search\/%23Eatsandtwitts\" id=\"link_0\">#eatsandtwitts<\/a>  para que todo aquello que quisieras contar apareciera en una gran pantalla. Un encuentro, como rezaba en las camisetas que regal\u00f3 la organizaci\u00f3n, de gente #socialholic<\/p>\n<p>Entre otroas han estado<span class=\"tweet-user-name\"><A class=\"tweet-screen-name user-profile-link\" data-user-id=\"3345981\" href=\"http:\/\/twitter.com\/#%21\/AntonioDomingo\" title=\"Antonio Domingo\"> AntonioDomingo<\/a>, <span class=\"tweet-full-name\"><\/span><\/span><span class=\"tweet-user-name\"><A class=\"tweet-screen-name user-profile-link\" data-user-id=\"792646\" href=\"http:\/\/twitter.com\/#%21\/sblanco\" title=\"Sonia Blanco\">Sblanco<\/a>,<\/span><span class=\"tweet-user-name\"><A class=\"tweet-screen-name user-profile-link\" data-user-id=\"104565560\" href=\"http:\/\/twitter.com\/#%21\/GiselaFPJ\" title=\"Gisela Fdez.Pretel\"> GiselaFPJ<\/a>, <\/span><span class=\"tweet-user-name\"><\/span><A class=\"tweet-screen-name user-profile-link\" data-user-id=\"7676022\" href=\"http:\/\/twitter.com\/#%21\/Arroyero\" title=\"Carlos Formby\">Arroyero<\/a>, <span class=\"tweet-user-name\"><A class=\"tweet-screen-name user-profile-link\" data-user-id=\"19922069\" href=\"http:\/\/twitter.com\/#%21\/ralbiol\" title=\"Ramon Albiol\">Ralbiol<\/a><\/span>, <span class=\"tweet-user-name\"><A class=\"tweet-screen-name user-profile-link\" data-user-id=\"121214377\" href=\"http:\/\/twitter.com\/#%21\/SeoMongini\" title=\"Arturo Moran\">SeoMongini<\/a>, <\/span><span class=\"tweet-user-name\"><\/span><A class=\"tweet-screen-name user-profile-link\" data-user-id=\"20312693\" href=\"http:\/\/twitter.com\/#%21\/StoyHuyendo\" title=\"StoyHuyendo\">StoyHuyendo<\/a>, <span class=\"tweet-user-name\"><\/span><A class=\"tweet-screen-name user-profile-link\" data-user-id=\"38535399\" href=\"http:\/\/twitter.com\/#%21\/Blocdeesbozos\" title=\"aleKSandro\">Blocdeesbozos<\/a>, <A class=\"  twitter-atreply\" data-screen-name=\"kekasanchez\" href=\"http:\/\/twitter.com\/kekasanchez\" rel=\"nofollow\">Kekasanchez<\/a>, <A class=\"  twitter-atreply\" data-screen-name=\"Pacodelatorre\" href=\"http:\/\/twitter.com\/Pacodelatorre\" rel=\"nofollow\">Pacodelatorre<\/a>, <A class=\"  twitter-atreply\" data-screen-name=\"temoro87\" href=\"http:\/\/twitter.com\/temoro87\" rel=\"nofollow\">Temoro87,<\/a> <span class=\"tweet-user-name\"><\/span><A class=\"tweet-screen-name user-profile-link\" data-user-id=\"50471775\" href=\"http:\/\/twitter.com\/#%21\/CurroFerralgo\" title=\"Curro\">CurroFerralgo<\/a>, <span class=\"tweet-user-name\"><\/span><A class=\"tweet-screen-name user-profile-link\" data-user-id=\"17065772\" href=\"http:\/\/twitter.com\/#%21\/mariviromero\" title=\"mariviromero\">Mariviromero<\/a>, <span class=\"tweet-user-name\"><\/span><A class=\"tweet-screen-name user-profile-link\" data-user-id=\"115478247\" href=\"http:\/\/twitter.com\/#%21\/JC_Villanueva\" title=\"J.Carlos Villanueva\">JC_Villanueva<\/a>, <span class=\"tweet-user-name\"><\/span><A class=\"tweet-screen-name user-profile-link\" data-user-id=\"113334821\" href=\"http:\/\/twitter.com\/#%21\/GemaiSanchez\" title=\"Gema Isabel S\u00e1nchez\">GemaiSanchez<\/a>, <A class=\"  twitter-atreply\" data-screen-name=\"jlcordoba\" href=\"http:\/\/twitter.com\/jlcordoba\" rel=\"nofollow\">jlcordoba<\/a>, <span class=\"tweet-user-name\"><A class=\"tweet-screen-name user-profile-link\" data-user-id=\"7631142\" href=\"http:\/\/twitter.com\/#%21\/Gonzalomartin\" title=\"Gonzalo Mart\u00edn\">Gonzalomartin<\/a>, <\/span><span class=\"tweet-user-name\"><A class=\"tweet-screen-name user-profile-link\" data-user-id=\"16694313\" href=\"http:\/\/twitter.com\/#%21\/Victoriamdq\" title=\"Victoriamdq\">Victoriamdq<\/a>. Y por supuesto yo, <\/span> <span class=\"tweet-user-name\"><\/span><A class=\"tweet-screen-name user-profile-link\" data-user-id=\"195045926\" href=\"http:\/\/twitter.com\/#%21\/AngeldelosRios\" title=\"\u00c1ngel de los R\u00edos\">AngeldelosRios<\/a>. ;)<\/p>\n","protected":false},"excerpt":{"rendered":"<p>Comer y twitear son dos grandes vicios de la sociedad 2.0 que cada vez que se dan juntos, re\u00fanen a gran n\u00famero de personas. Eats and Twitts es un ejemplo de ello. Esta cita para usuarios de Twitter, ya est\u00e1 instaurada en el calendario de diferentes ciudades. Est\u00e1 presente en Madrid, Barcelona, Valencia, y hoy [&hellip;]<\/p>\n","protected":false},"author":7,"featured_media":0,"comment_status":"open","ping_status":"closed","sticky":false,"template":"","format":"standard","meta":[],"categories":[9],"tags":[30,137,281,483,486],"_links":{"self":[{"href":"https:\/\/blogs.diariosur.es\/soyfriki\/wp-json\/wp\/v2\/posts\/199"}],"collection":[{"href":"https:\/\/blogs.diariosur.es\/soyfriki\/wp-json\/wp\/v2\/posts"}],"about":[{"href":"https:\/\/blogs.diariosur.es\/soyfriki\/wp-json\/wp\/v2\/types\/post"}],"author":[{"embeddable":true,"href":"https:\/\/blogs.diariosur.es\/soyfriki\/wp-json\/wp\/v2\/users\/7"}],"replies":[{"embeddable":true,"href":"https:\/\/blogs.diariosur.es\/soyfriki\/wp-json\/wp\/v2\/comments?post=199"}],"version-history":[{"count":0,"href":"https:\/\/blogs.diariosur.es\/soyfriki\/wp-json\/wp\/v2\/posts\/199\/revisions"}],"wp:attachment":[{"href":"https:\/\/blogs.diariosur.es\/soyfriki\/wp-json\/wp\/v2\/media?parent=199"}],"wp:term":[{"taxonomy":"category","embeddable":true,"href":"https:\/\/blogs.diariosur.es\/soyfriki\/wp-json\/wp\/v2\/categories?post=199"},{"taxonomy":"post_tag","embeddable":true,"href":"https:\/\/blogs.diariosur.es\/soyfriki\/wp-json\/wp\/v2\/tags?post=199"}],"curies":[{"name":"wp","href":"https:\/\/api.w.org\/{rel}","templated":true}]}}