{"id":206,"date":"2010-12-14T21:11:00","date_gmt":"2010-12-14T21:11:00","guid":{"rendered":"http:\/\/blogs.diariosur.es\/tuenti-facebook\/?p=206"},"modified":"2010-12-14T21:11:00","modified_gmt":"2010-12-14T21:11:00","slug":"i-congreso-social-media-marketing-malaga","status":"publish","type":"post","link":"https:\/\/blogs.diariosur.es\/soyfriki\/2010\/12\/14\/i-congreso-social-media-marketing-malaga\/","title":{"rendered":"I Congreso de Social Media Marketing en M\u00e1laga"},"content":{"rendered":"<p><IMG src=\"\/tuenti-facebook\/files\/congresosocialmediamarketingmalaga.jpg\" id=\"img_0\" class=\"imgdcha\" height=\"218\" width=\"144\">Aviso para los no percatados. Ma\u00f1ana y el jueves (15 y 16 de diciembre) se celebra en M\u00e1laga el <A href=\"http:\/\/nosolopubli.com\/\" title=\"http:\/\/nosolopubli.com\/\" id=\"link_4\">I Congreso de Social Media Marketing<\/a> . Participar\u00e1n expertos y empresas relacionadas con el \u00e1mbito del Social Media Marketing, en la <A href=\"http:\/\/www.cccom.uma.es\/\" title=\"http:\/\/www.cccom.uma.es\/\" id=\"link_5\">Facultad de Comunicaci\u00f3n de M\u00e1laga (Teatinos)<\/a> .<\/p>\n<p>Si quieres m\u00e1s informaci\u00f3n no dejes de consultar la web de los organizadores <A href=\"http:\/\/nosolopubli.com\/\" title=\"http:\/\/nosolopubli.com\/\" id=\"link_6\">nosolopubli.com<\/a>. Aqu\u00ed se dar\u00e1n cita <strong>expertos<\/strong> y <strong>empresas<\/strong> del Social Media Marketing, charlando sobre investigaciones, tendencias y proyectos. <\/p>\n<p>Merece la pena s\u00f3lo por o\u00edr a <A href=\"http:\/\/twitter.com\/#%21\/juanluispolo\" title=\"http:\/\/twitter.com\/#!\/juanluispolo\" id=\"link_1\">Juan Luis Polo<\/a> , <A href=\"http:\/\/twitter.com\/#%21\/sblanco\" title=\"http:\/\/twitter.com\/#!\/sblanco\" id=\"link_2\">Sonia Blanco<\/a> o <A href=\"http:\/\/twitter.com\/#%21\/RobertoCarreras\" title=\"http:\/\/twitter.com\/#!\/RobertoCarreras\" id=\"link_3\">Roberto Carreras<\/a> , entre otros.<\/p>\n<p><A href=\"https:\/\/congresosocialmediamarketing.ticketea.com\/\" title=\"https:\/\/congresosocialmediamarketing.ticketea.com\/\" id=\"link_0\">Ap\u00fantate online<\/a> o pasa por all\u00ed&#8230;<\/p>\n","protected":false},"excerpt":{"rendered":"<p>Aviso para los no percatados. Ma\u00f1ana y el jueves (15 y 16 de diciembre) se celebra en M\u00e1laga el I Congreso de Social Media Marketing . Participar\u00e1n expertos y empresas relacionadas con el \u00e1mbito del Social Media Marketing, en la Facultad de Comunicaci\u00f3n de M\u00e1laga (Teatinos) . Si quieres m\u00e1s informaci\u00f3n no dejes de consultar [&hellip;]<\/p>\n","protected":false},"author":7,"featured_media":0,"comment_status":"open","ping_status":"closed","sticky":false,"template":"","format":"standard","meta":[],"categories":[9],"tags":[],"_links":{"self":[{"href":"https:\/\/blogs.diariosur.es\/soyfriki\/wp-json\/wp\/v2\/posts\/206"}],"collection":[{"href":"https:\/\/blogs.diariosur.es\/soyfriki\/wp-json\/wp\/v2\/posts"}],"about":[{"href":"https:\/\/blogs.diariosur.es\/soyfriki\/wp-json\/wp\/v2\/types\/post"}],"author":[{"embeddable":true,"href":"https:\/\/blogs.diariosur.es\/soyfriki\/wp-json\/wp\/v2\/users\/7"}],"replies":[{"embeddable":true,"href":"https:\/\/blogs.diariosur.es\/soyfriki\/wp-json\/wp\/v2\/comments?post=206"}],"version-history":[{"count":0,"href":"https:\/\/blogs.diariosur.es\/soyfriki\/wp-json\/wp\/v2\/posts\/206\/revisions"}],"wp:attachment":[{"href":"https:\/\/blogs.diariosur.es\/soyfriki\/wp-json\/wp\/v2\/media?parent=206"}],"wp:term":[{"taxonomy":"category","embeddable":true,"href":"https:\/\/blogs.diariosur.es\/soyfriki\/wp-json\/wp\/v2\/categories?post=206"},{"taxonomy":"post_tag","embeddable":true,"href":"https:\/\/blogs.diariosur.es\/soyfriki\/wp-json\/wp\/v2\/tags?post=206"}],"curies":[{"name":"wp","href":"https:\/\/api.w.org\/{rel}","templated":true}]}}