{"id":209,"date":"2010-12-22T12:47:00","date_gmt":"2010-12-22T12:47:00","guid":{"rendered":"http:\/\/blogs.diariosur.es\/tuenti-facebook\/?p=209"},"modified":"2010-12-22T12:47:00","modified_gmt":"2010-12-22T12:47:00","slug":"maria-gamez-responde-las-criticas-del-gazpachuelo-party-su","status":"publish","type":"post","link":"https:\/\/blogs.diariosur.es\/soyfriki\/2010\/12\/22\/maria-gamez-responde-las-criticas-del-gazpachuelo-party-su\/","title":{"rendered":"Mar\u00eda G\u00e1mez responde a las cr\u00edticas del Gazpachuelo Party en su blog &#8211; #gazpachueloparty"},"content":{"rendered":"<p><IMG class=\"imgdcha\" src=\"\/\/www.mariagamez.es\/images\/sec4_4.png\" id=\"img_0\" height=\"262\" width=\"216\">Ya comentaba ayer que el que <A href=\"http:\/\/twitter.com\/maria2gamez\" title=\"http:\/\/twitter.com\/maria2gamez\" id=\"link_1\">Mar\u00eda G\u00e1mez<\/a>  (candidata del PSOE a la alcald\u00eda de M\u00e1laga) se haya metido la primera en <A href=\"..\/tuenti-facebook\/2010\/12\/21\/gazpachuelo-party-entrevista-maria-gamez-gazpachueloparty\" title=\"http:\/\/blogs.diariosur.es\/tuenti-facebook\/2010\/12\/21\/gazpachuelo-party-entrevista-maria-gamez-gazpachueloparty\" id=\"link_2\">este &#8216;fregao&#8217; del Gazpachuelo Party<\/a> , era un poco comprometido. Por ser la primera, sobre todo, pisaba tierras pantanosas. &#8220;Fue una entrevista at\u00edpica. Lo \u00fanico acordado fue el tiempo, media hora, condicionado por mi agenda de trabajo. Aunque las preguntas tardaban mucho en ir saliendo (casi tanto como mis respuestas) pude atender a todas las que me realizaron en el tiempo previsto. Las preguntas solo las conoc\u00eda el entrevistador y aquellos malague\u00f1os que les enviaron las suyas&#8221;. Suficiente la aclaraci\u00f3n por su parte <A href=\"http:\/\/www.mariagamez.es\/post-enredados.html\" title=\"http:\/\/www.mariagamez.es\/post-enredados.html\" id=\"link_0\">en su blog (bajo el t\u00edtulo de Enredados)<\/a>  por las cr\u00edticas que recibi\u00f3 ante alguna de sus respuestas, su brevedad o incluso el hecho de que no las respond\u00eda.<\/p>\n<p>&#8220;Es complicado responder con tan pocos caracteres, m\u00e1xime cuando hab\u00eda que incluir en cada respuesta la palabra <A href=\"http:\/\/twitter.com\/search?q=%23GazpachueloParty\" title=\"http:\/\/twitter.com\/search?q=%23GazpachueloParty\" id=\"link_3\">#GazpachueloParty<\/a> &#8220;. En eso tiene toda la raz\u00f3n. &#8220;Estuve m\u00e1s tiempo del acordado&#8221;, a\u00f1ade.<\/p>\n<p>Adem\u00e1s, ha tenido el detalle de dejar respuestas a las preguntas que se quedaron colgadas. No est\u00e1 ma (adem\u00e1s lo ha respondido en 140 caracteres).<\/p>\n<p>  &#8211; \u00bfApoyar\u00eda unas listas abiertas en las municipales? Me gusta la idea, pero tendr\u00eda que haber un acuerdo entre todos los partidos pol\u00edticos.<\/p>\n<p>   &#8211; \u00bfQu\u00e9 piensa de la Educaci\u00f3n P\u00fablica puesto que sus hijos los lleva a un colegio alem\u00e1n? Apuesto por la Educaci\u00f3n P\u00fabica de calidad. De mis hijos no hablo nunca por las redes.<\/p>\n<p>   &#8211; \u00bfEst\u00e1 dispuesta a acabar con la figura del asesor que tanto ha criticado en el alcalde? Mi pol\u00edtica ser\u00e1 de austeridad tambi\u00e9n en el \u00e1mbito de los cargos de confianza.<\/p>\n<p>   &#8211; Como malague\u00f1a \u00bfno piensa que la Junta discrimina a M\u00e1laga?  \u00bfConsidera que los malague\u00f1os piensan as\u00ed o s\u00f3lo lo piensa el alcalde? La Junta ha hecho las mejores inversiones por m\u00e1s que algunos no lo  quieran ver; p.e. al 100% el Metro. Las opiniones son libres.<\/p>\n<p>   &#8211; \u00bfCrees que lo que verdaderamente necesita M\u00e1laga es un parque? M\u00e1laga necesita numerosos espacios libres y verdes, entre otras muchas  cosas. Ahora tiene menos de la mitad de las zonas verdes que pide UE.<\/p>\n<p>   &#8211; \u00bfQu\u00e9 es lo peor que tiene M\u00e1laga? Desempleo y gran deuda. Tenemos muchas cosas buenas, pero con Ayuntamiento sin gesti\u00f3n ni aprovechamiento de oportunidades.<\/p>\n<p>   &#8211; \u00bfQu\u00e9 quieres hacer por M\u00e1laga que no han hecho otros ya? \u00bfEres diferente? Much\u00edsimas cosas, entre otras participaci\u00f3n activa de los ciudadanos en la pol\u00edtica y una ciudad moderna.<\/p>\n<p>   &#8211; \u00bfCree que la enorme deuda del ayuntamiento hipotecar\u00eda su acci\u00f3n pol\u00edtica como alcaldesa? Es un handicap con el que sabr\u00e9 gobernar.<\/p>\n<p>   &#8211; \u00bfSi su \u00e9xito de gesti\u00f3n se basa en pol\u00edticas socialistas, por qu\u00e9 llevan perdiendo tanto tiempo? Muchos conf\u00edan en nosotros. Se tiene \u00e9xito cuando se busca el inter\u00e9s de todos y no de unos pocos.<\/p>\n<p>Lo dicho. El pr\u00f3ximo face to face del Gazpachuelo Party, ser\u00e1 con <A href=\"http:\/\/twitter.com\/eliasbendodo\" title=\"http:\/\/twitter.com\/eliasbendodo\" id=\"link_0\">El\u00edas Bendodo (PP)<\/a> .<\/p>\n","protected":false},"excerpt":{"rendered":"<p>Ya comentaba ayer que el que Mar\u00eda G\u00e1mez (candidata del PSOE a la alcald\u00eda de M\u00e1laga) se haya metido la primera en este &#8216;fregao&#8217; del Gazpachuelo Party , era un poco comprometido. Por ser la primera, sobre todo, pisaba tierras pantanosas. &#8220;Fue una entrevista at\u00edpica. Lo \u00fanico acordado fue el tiempo, media hora, condicionado por [&hellip;]<\/p>\n","protected":false},"author":7,"featured_media":0,"comment_status":"open","ping_status":"closed","sticky":false,"template":"","format":"standard","meta":[],"categories":[9],"tags":[194,195,289,349,483],"_links":{"self":[{"href":"https:\/\/blogs.diariosur.es\/soyfriki\/wp-json\/wp\/v2\/posts\/209"}],"collection":[{"href":"https:\/\/blogs.diariosur.es\/soyfriki\/wp-json\/wp\/v2\/posts"}],"about":[{"href":"https:\/\/blogs.diariosur.es\/soyfriki\/wp-json\/wp\/v2\/types\/post"}],"author":[{"embeddable":true,"href":"https:\/\/blogs.diariosur.es\/soyfriki\/wp-json\/wp\/v2\/users\/7"}],"replies":[{"embeddable":true,"href":"https:\/\/blogs.diariosur.es\/soyfriki\/wp-json\/wp\/v2\/comments?post=209"}],"version-history":[{"count":0,"href":"https:\/\/blogs.diariosur.es\/soyfriki\/wp-json\/wp\/v2\/posts\/209\/revisions"}],"wp:attachment":[{"href":"https:\/\/blogs.diariosur.es\/soyfriki\/wp-json\/wp\/v2\/media?parent=209"}],"wp:term":[{"taxonomy":"category","embeddable":true,"href":"https:\/\/blogs.diariosur.es\/soyfriki\/wp-json\/wp\/v2\/categories?post=209"},{"taxonomy":"post_tag","embeddable":true,"href":"https:\/\/blogs.diariosur.es\/soyfriki\/wp-json\/wp\/v2\/tags?post=209"}],"curies":[{"name":"wp","href":"https:\/\/api.w.org\/{rel}","templated":true}]}}