{"id":210,"date":"2010-12-22T13:25:00","date_gmt":"2010-12-22T13:25:00","guid":{"rendered":"http:\/\/blogs.diariosur.es\/tuenti-facebook\/?p=210"},"modified":"2010-12-22T13:25:00","modified_gmt":"2010-12-22T13:25:00","slug":"hoy-chicas-son-tuiteras-en-bar-carmen","status":"publish","type":"post","link":"https:\/\/blogs.diariosur.es\/soyfriki\/2010\/12\/22\/hoy-chicas-son-tuiteras-en-bar-carmen\/","title":{"rendered":"Hoy, las chicas son tuiteras (en Bar El Carmen)"},"content":{"rendered":"<p><IMG class=\"imgdcha\" src=\"\/\/profile.ak.fbcdn.net\/hprofile-ak-snc4\/hs476.snc4\/50514_171790559519265_1128514_n.jpg\" id=\"img_1\" height=\"86\" width=\"86\">Antes las chicas eran guerreras. Como dec\u00eda la canci\u00f3n. Hoy, si son guerreras, son por lo general tuiteras. Y si no nadie sabe que existen.<\/p>\n<p>Por ello las chicas tuiteras de M\u00e1laga se reunen hoy en el Bar El Carmen, Plaza de la Merced, 21, de M\u00e1laga, para unir otro encuentro m\u00e1s a los muchos que ya llenan nuestras agendas de networking. Bueno, he dicho nuestras y yo no puedo ir, ejem.<\/p>\n<p>Si quieres apuntarte -es a las 22:00 horas- inf\u00f3rmate en el hadstag <A href=\"http:\/\/twitter.com\/#%21\/search\/%23chicastuiteras\" title=\"http:\/\/twitter.com\/#!\/search\/%23chicastuiteras\" id=\"link_1\">#chicastuiteras<\/a>  o en <A href=\"http:\/\/www.facebook.com\/event.php?eid=171790559519265\" title=\"http:\/\/www.facebook.com\/event.php?eid=171790559519265\" id=\"link_0\">su grupo de Facebook<\/a> , un evento sin muchas pretensiones \u00a1pero con muchas ganas de pasarlo bien!<\/p>\n<p><IMG src=\"\/tuenti-facebook\/files\/chicastuiteras1.jpg\" id=\"img_0\" class=\"imgizqda\"><\/p>\n","protected":false},"excerpt":{"rendered":"<p>Antes las chicas eran guerreras. Como dec\u00eda la canci\u00f3n. Hoy, si son guerreras, son por lo general tuiteras. Y si no nadie sabe que existen. Por ello las chicas tuiteras de M\u00e1laga se reunen hoy en el Bar El Carmen, Plaza de la Merced, 21, de M\u00e1laga, para unir otro encuentro m\u00e1s a los muchos [&hellip;]<\/p>\n","protected":false},"author":7,"featured_media":0,"comment_status":"open","ping_status":"closed","sticky":false,"template":"","format":"standard","meta":[],"categories":[9],"tags":[],"_links":{"self":[{"href":"https:\/\/blogs.diariosur.es\/soyfriki\/wp-json\/wp\/v2\/posts\/210"}],"collection":[{"href":"https:\/\/blogs.diariosur.es\/soyfriki\/wp-json\/wp\/v2\/posts"}],"about":[{"href":"https:\/\/blogs.diariosur.es\/soyfriki\/wp-json\/wp\/v2\/types\/post"}],"author":[{"embeddable":true,"href":"https:\/\/blogs.diariosur.es\/soyfriki\/wp-json\/wp\/v2\/users\/7"}],"replies":[{"embeddable":true,"href":"https:\/\/blogs.diariosur.es\/soyfriki\/wp-json\/wp\/v2\/comments?post=210"}],"version-history":[{"count":0,"href":"https:\/\/blogs.diariosur.es\/soyfriki\/wp-json\/wp\/v2\/posts\/210\/revisions"}],"wp:attachment":[{"href":"https:\/\/blogs.diariosur.es\/soyfriki\/wp-json\/wp\/v2\/media?parent=210"}],"wp:term":[{"taxonomy":"category","embeddable":true,"href":"https:\/\/blogs.diariosur.es\/soyfriki\/wp-json\/wp\/v2\/categories?post=210"},{"taxonomy":"post_tag","embeddable":true,"href":"https:\/\/blogs.diariosur.es\/soyfriki\/wp-json\/wp\/v2\/tags?post=210"}],"curies":[{"name":"wp","href":"https:\/\/api.w.org\/{rel}","templated":true}]}}