{"id":223,"date":"2011-02-14T10:48:00","date_gmt":"2011-02-14T10:48:00","guid":{"rendered":"http:\/\/blogs.diariosur.es\/tuenti-facebook\/?p=223"},"modified":"2011-02-14T10:48:00","modified_gmt":"2011-02-14T10:48:00","slug":"la-cara-leire-pajin-los-goya-y-aplauso-sinde","status":"publish","type":"post","link":"https:\/\/blogs.diariosur.es\/soyfriki\/2011\/02\/14\/la-cara-leire-pajin-los-goya-y-aplauso-sinde\/","title":{"rendered":"La cara de Leire Paj\u00edn en Los Goya y el aplauso de Sinde, recuerdos de la Gala 2011"},"content":{"rendered":"<p><IMG style=\"width: 594px; height: 333px;\" src=\"\/soyfriki\/wp-content\/uploads\/sites\/14\" id=\"img_0\" class=\"imgcen\">La cara de <A href=\"http:\/\/twitter.com\/#%21\/search\/Leire%20Paj%C3%ADn\" title=\"http:\/\/twitter.com\/#!\/search\/Leire%20Paj%C3%ADn\" id=\"link_0\">Leire Paj\u00edn<\/a>  en <A href=\"http:\/\/www.diariosur.es\/especialesrc\/premios-goya\/2011\/noticias\/unos-goya-catalan-3210.html\" title=\"http:\/\/www.diariosur.es\/especialesrc\/premios-goya\/2011\/noticias\/unos-goya-catalan-3210.html\" id=\"link_1\">los Goya 2011<\/a>  es lo que queda de resaca esta ma\u00f1ana tras la gala de anoche. <A href=\"..\/trends\/2011\/2\/4\/como-crear-tt-o-twitter-trend\" title=\"http:\/\/blogs.diariosur.es\/trends\/2011\/2\/4\/como-crear-tt-o-twitter-trend\" id=\"link_2\">Trend Topic en Twitter<\/a>  y con un grupo propio e<A href=\"http:\/\/www.facebook.com\/pages\/Yo-tambien-vi-la-cara-de-Leire-Pajin-en-los-Goya\/183958271643401\" title=\"http:\/\/www.facebook.com\/pages\/Yo-tambien-vi-la-cara-de-Leire-Pajin-en-los-Goya\/183958271643401\" id=\"link_3\">n Facebook -Yo tambi\u00e9n vi la cara de Leire Paj\u00edn en los Goya<\/a>, con casi 5.000 seguidores-, hacen mofa de la expresi\u00f3n de la ministra cuando el dimitido presidente de la <A href=\"http:\/\/www.diariosur.es\/especialesrc\/premios-goya\/2011\/noticias\/alex-iglesia-internet-futuro.-presente-3207.html\" title=\"http:\/\/www.diariosur.es\/especialesrc\/premios-goya\/2011\/noticias\/alex-iglesia-internet-futuro.-presente-3207.html\" id=\"link_4\">Academia de Cine, \u00c1lex de la Iglesia<\/a>, lanz\u00f3 su discurso apolog\u00eda de internet. <\/p>\n<p><IMG style=\"width: 592px; height: 261px;\" src=\"\/soyfriki\/wp-content\/uploads\/sites\/14\" id=\"img_0\" class=\"imgcen\"><A href=\"http:\/\/www.diariosur.es\/hemeroteca\/index.php?qAND=Leire+Paj%EDn&#038;sortby=-docdatetime\" title=\"http:\/\/www.diariosur.es\/hemeroteca\/index.php?qAND=Leire+Paj%EDn&#038;sortby=-docdatetime\" id=\"link_5\">Leire Paj\u00edn<\/a>  y su foto han quedado para el recuerdo, pero en vivo, todo el mundo la tom\u00f3 y, con raz\u00f3n, con <A href=\"http:\/\/www.diariosur.es\/v\/20110214\/cultura\/cine-minoritario-conquista-premios-20110214.html\" title=\"http:\/\/www.diariosur.es\/v\/20110214\/cultura\/cine-minoritario-conquista-premios-20110214.html\" id=\"link_6\">el aplauso de Sinde<\/a>, en realidad. <A href=\"http:\/\/www.diariosur.es\/actualidadrc\/premios-goya\/2011\/noticias\/anonymous-aplauden-alex-iglesia-3206.html\" title=\"http:\/\/www.diariosur.es\/actualidadrc\/premios-goya\/2011\/noticias\/anonymous-aplauden-alex-iglesia-3206.html\" id=\"link_7\">De la Iglesia ofreci\u00f3 un discurso<\/a>  en el que no se mostr\u00f3 arrepentido por sus formas de dejar la Academia e, incluso, se permiti\u00f3 darle un recado a <A href=\"http:\/\/www.diariosur.es\/hemeroteca\/?qAND=Gonz%E1lez-Sinde\" title=\"http:\/\/www.diariosur.es\/hemeroteca\/?qAND=Gonz%E1lez-Sinde\" id=\"link_8\">Gonz\u00e1lez-Sinde<\/a>: \u00abSi queremos que nos respeten, hay que respetar primero\u00bb. Ella, aplaud\u00eda ap\u00e1tica desde el patio de butacas. Y <A href=\"http:\/\/twitter.com\/diario_sur\" title=\"http:\/\/twitter.com\/diario_sur\" id=\"link_9\">Twitter<\/a>  ardi\u00f3. <\/p>\n<p><strong>Todo sobre la XXV edici\u00f3n Premios Goya<\/strong><\/p>\n<ul>\n<li><A href=\"http:\/\/www.diariosur.es\/especialesrc\/premios-goya\/2011\/noticias\/unos-goya-catalan-3210.html\" title=\"http:\/\/www.diariosur.es\/especialesrc\/premios-goya\/2011\/noticias\/unos-goya-catalan-3210.html\" id=\"link_0\">Nueve goyas para &#8216;Pa negre&#8217;, entre ellos, director y pel\u00edcula\n<p><\/a><\/li>\n<li><A href=\"http:\/\/www.diariosur.es\/especialesrc\/premios-goya\/2011\/noticias\/unos-goya-catalan-3210.html\" title=\"http:\/\/www.diariosur.es\/especialesrc\/premios-goya\/2011\/noticias\/unos-goya-catalan-3210.html\" id=\"link_1\">Javier Bardem, mejor actor; Nora Navas, mejor actriz\n<p><\/a><\/li>\n<li><A href=\"http:\/\/www.diariosur.es\/especialesrc\/premios-goya\/2011\/noticias\/unos-goya-catalan-3210.html\" title=\"http:\/\/www.diariosur.es\/especialesrc\/premios-goya\/2011\/noticias\/unos-goya-catalan-3210.html\" id=\"link_2\">El documental sobre Maragall y su enfermedad, elegido como el mejor del a\u00f1o\n<p><\/a><\/li>\n<li><A href=\"http:\/\/www.diariosur.es\/especialesrc\/premios-goya\/2011\/noticias\/alex-iglesia-internet-futuro.-presente-3207.html\" title=\"http:\/\/www.diariosur.es\/especialesrc\/premios-goya\/2011\/noticias\/alex-iglesia-internet-futuro.-presente-3207.html\" id=\"link_3\">\u00c1lex de la Iglesia: &#8220;Internet no es el futuro. Es el presente&#8221;\n<p><\/a><\/li>\n<li><A href=\"http:\/\/www.diariosur.es\/especialesrc\/premios-goya\/2011\/premiados\/\" title=\"http:\/\/www.diariosur.es\/especialesrc\/premios-goya\/2011\/premiados\/\" id=\"link_4\">Lista de premiados en la XXV edici\u00f3n Premios Goya\n<p><\/a><\/li>\n<li><A href=\"http:\/\/www.diariosur.es\/v\/20110214\/cultura\/antonio-torre-ramon-salazar-20110214.html\" title=\"http:\/\/www.diariosur.es\/v\/20110214\/cultura\/antonio-torre-ramon-salazar-20110214.html\" id=\"link_7\">Antonio de la Torre y Ram\u00f3n Salazar se quedan a las puertas del Goya\n<p><\/a><\/li>\n<li><A href=\"http:\/\/www.diariosur.es\/especialesrc\/premios-goya\/2011\/fotogalerias\/fotogaleria-8.html\" title=\"http:\/\/www.diariosur.es\/especialesrc\/premios-goya\/2011\/fotogalerias\/fotogaleria-8.html\" id=\"link_5\"> Todas las im\u00e1genes de la alfombra roja en los Premios Goya\n<p><\/a><\/li>\n<li><A href=\"http:\/\/actualidad.diariosur.es\/premios-goya\/2011\/fotogalerias\/fotogaleria-9.html\" title=\"http:\/\/actualidad.diariosur.es\/premios-goya\/2011\/fotogalerias\/fotogaleria-9.html\" id=\"link_6\">As\u00ed fue la gala de los Goya 2011<\/a><\/li>\n<\/ul>\n","protected":false},"excerpt":{"rendered":"<p>La cara de Leire Paj\u00edn en los Goya 2011 es lo que queda de resaca esta ma\u00f1ana tras la gala de anoche. Trend Topic en Twitter y con un grupo propio en Facebook -Yo tambi\u00e9n vi la cara de Leire Paj\u00edn en los Goya, con casi 5.000 seguidores-, hacen mofa de la expresi\u00f3n de la [&hellip;]<\/p>\n","protected":false},"author":7,"featured_media":0,"comment_status":"open","ping_status":"closed","sticky":false,"template":"","format":"standard","meta":[],"categories":[9],"tags":[165,208,265,346,415,483],"_links":{"self":[{"href":"https:\/\/blogs.diariosur.es\/soyfriki\/wp-json\/wp\/v2\/posts\/223"}],"collection":[{"href":"https:\/\/blogs.diariosur.es\/soyfriki\/wp-json\/wp\/v2\/posts"}],"about":[{"href":"https:\/\/blogs.diariosur.es\/soyfriki\/wp-json\/wp\/v2\/types\/post"}],"author":[{"embeddable":true,"href":"https:\/\/blogs.diariosur.es\/soyfriki\/wp-json\/wp\/v2\/users\/7"}],"replies":[{"embeddable":true,"href":"https:\/\/blogs.diariosur.es\/soyfriki\/wp-json\/wp\/v2\/comments?post=223"}],"version-history":[{"count":0,"href":"https:\/\/blogs.diariosur.es\/soyfriki\/wp-json\/wp\/v2\/posts\/223\/revisions"}],"wp:attachment":[{"href":"https:\/\/blogs.diariosur.es\/soyfriki\/wp-json\/wp\/v2\/media?parent=223"}],"wp:term":[{"taxonomy":"category","embeddable":true,"href":"https:\/\/blogs.diariosur.es\/soyfriki\/wp-json\/wp\/v2\/categories?post=223"},{"taxonomy":"post_tag","embeddable":true,"href":"https:\/\/blogs.diariosur.es\/soyfriki\/wp-json\/wp\/v2\/tags?post=223"}],"curies":[{"name":"wp","href":"https:\/\/api.w.org\/{rel}","templated":true}]}}