{"id":224,"date":"2011-02-15T08:35:00","date_gmt":"2011-02-15T08:35:00","guid":{"rendered":"http:\/\/blogs.diariosur.es\/tuenti-facebook\/?p=224"},"modified":"2011-02-15T08:35:00","modified_gmt":"2011-02-15T08:35:00","slug":"iphone-mini-llegara-antes-del-iphone-5-al-precio-200-dolares","status":"publish","type":"post","link":"https:\/\/blogs.diariosur.es\/soyfriki\/2011\/02\/15\/iphone-mini-llegara-antes-del-iphone-5-al-precio-200-dolares\/","title":{"rendered":"iPhone Mini llegar\u00e1 antes del iPhone 5 al precio de 200 d\u00f3lares (150 euros)"},"content":{"rendered":"<p>&#8220;Antes de la llegada del <A href=\"http:\/\/www.diariosur.es\/hemeroteca\/index.php?action=newSearch&#038;format=noticias&#038;query=iPhone\" title=\"http:\/\/www.diariosur.es\/hemeroteca\/index.php?action=newSearch&#038;format=noticias&#038;query=iPhone\" id=\"link_0\">iPhone 5<\/a>, Apple tiene preparado frenar as\u00ed el avance de Android con versi\u00f3n <A href=\"http:\/\/www.diariosur.es\/hemeroteca\/index.php?action=newSearch&#038;format=noticias&#038;query=iPhone\" title=\"http:\/\/www.diariosur.es\/hemeroteca\/index.php?action=newSearch&#038;format=noticias&#038;query=iPhone\" id=\"link_1\">mini de iPhone<\/a>&#8220;. El prototipo ya est\u00e1 creado, seg\u00fan Bloomberg. La cadena informativa asegura que Apple persigue un mercado que requiere un m\u00f3vil <strong>m\u00e1s peque\u00f1o, ligero y sobre todo mucho m\u00e1s barato<\/strong>.<\/p>\n<p><IMG src=\"\/\/blogs.diariosur.es\/tuenti-facebook\/files\/iphone-mini-apple.JPG\" id=\"img_0\" class=\"imgcen\" height=\"323\" width=\"599\">El <A href=\"http:\/\/www.diariosur.es\/hemeroteca\/index.php?action=newSearch&#038;format=noticias&#038;query=iPhone\" title=\"http:\/\/www.diariosur.es\/hemeroteca\/index.php?action=newSearch&#038;format=noticias&#038;query=iPhone\" id=\"link_3\">iPhone mini<\/a>  tendr\u00eda un tama\u00f1o un tercio m\u00e1s peque\u00f1o y m\u00e1s ligero que el <A href=\"http:\/\/www.diariosur.es\/hemeroteca\/index.php?action=newSearch&#038;format=noticias&#038;query=iPhone\" title=\"http:\/\/www.diariosur.es\/hemeroteca\/index.php?action=newSearch&#038;format=noticias&#038;query=iPhone\" id=\"link_4\">iPhone 4<\/a> , semejante al modelo actual en casi todo, pero sin bot\u00f3n Home. El tel\u00e9fono libre rondar\u00e1 los 200 d\u00f3lares (unos 150 euros) aprovechando la reducci\u00f3n dr\u00e1stica del precio y del tama\u00f1o de los componentes. Apple, quiere llevarlo a las tiendas s\u00f3lo en este formato, sin asociarlo a ning\u00fan operador.<\/p>\n<p>Este rumor surge en una \u00e9poca en que la plataforma <A href=\"http:\/\/www.diariosur.es\/rc\/20110202\/tecnologia\/google-echa-pulso-ipad-201102022133.html\" title=\"http:\/\/www.diariosur.es\/rc\/20110202\/tecnologia\/google-echa-pulso-ipad-201102022133.html\" id=\"link_5\">Android <\/a> no deja de crecer gracias a la multiplicidad de tel\u00e9fonos. Y es l\u00edder global. Intentando superar tambi\u00e9n a <A href=\"http:\/\/www.diariosur.es\/rc\/20100928\/tecnologia\/blackberry-presenta-nueva-tableta-201009280013.html\" title=\"http:\/\/www.diariosur.es\/rc\/20100928\/tecnologia\/blackberry-presenta-nueva-tableta-201009280013.html\" id=\"link_6\">RIM con sus Blackberry<\/a>; y tambi\u00e9n al l\u00edder mundial durante toda la d\u00e9cada y <A href=\"http:\/\/www.diariosur.es\/rc\/20110211\/tecnologia\/nokia-microsoft-alianza-201102111222.html\" title=\"http:\/\/www.diariosur.es\/rc\/20110211\/tecnologia\/nokia-microsoft-alianza-201102111222.html\" id=\"link_7\">Nokia, que se sube al tren de Windows Phone 7<\/a>.<\/p>\n<p><strong>Noticias de tecnolog\u00eda<\/strong><\/p>\n<ul>\n<li><A href=\"http:\/\/www.diariosur.es\/rc\/20110211\/tecnologia\/nokia-microsoft-alianza-201102111222.html\" title=\"http:\/\/www.diariosur.es\/rc\/20110211\/tecnologia\/nokia-microsoft-alianza-201102111222.html\" id=\"link_1\">Nokia se al\u00eda con Microsoft y adoptar\u00e1 Windows Phone para competir con Apple\n<p><\/a><\/li>\n<li><A href=\"http:\/\/www.diariosur.es\/rc\/20100928\/tecnologia\/blackberry-presenta-nueva-tableta-201009280013.html\" title=\"http:\/\/www.diariosur.es\/rc\/20100928\/tecnologia\/blackberry-presenta-nueva-tableta-201009280013.html\" id=\"link_0\">BlackBerry presenta su nueva tableta para luchar con el iPad\n<p><\/a><\/li>\n<li><A href=\"http:\/\/www.diariosur.es\/rc\/20110211\/tecnologia\/firma-estadounidense-apple-prepara-201102110854.html\" title=\"http:\/\/www.diariosur.es\/rc\/20110211\/tecnologia\/firma-estadounidense-apple-prepara-201102110854.html\" id=\"link_2\">Apple prepara el mini iPhone\n<p><\/a><\/li>\n<li><A href=\"http:\/\/www.diariosur.es\/rc\/20110202\/tecnologia\/google-echa-pulso-ipad-201102022133.html\" title=\"http:\/\/www.diariosur.es\/rc\/20110202\/tecnologia\/google-echa-pulso-ipad-201102022133.html\" id=\"link_3\">Google echa un pulso al iPad con el Android 3.0<\/a><\/li>\n<\/ul>\n","protected":false},"excerpt":{"rendered":"<p>&#8220;Antes de la llegada del iPhone 5, Apple tiene preparado frenar as\u00ed el avance de Android con versi\u00f3n mini de iPhone&#8220;. El prototipo ya est\u00e1 creado, seg\u00fan Bloomberg. La cadena informativa asegura que Apple persigue un mercado que requiere un m\u00f3vil m\u00e1s peque\u00f1o, ligero y sobre todo mucho m\u00e1s barato. El iPhone mini tendr\u00eda un [&hellip;]<\/p>\n","protected":false},"author":7,"featured_media":0,"comment_status":"open","ping_status":"closed","sticky":false,"template":"","format":"standard","meta":[],"categories":[9],"tags":[41,65,247,249,304,325,519],"_links":{"self":[{"href":"https:\/\/blogs.diariosur.es\/soyfriki\/wp-json\/wp\/v2\/posts\/224"}],"collection":[{"href":"https:\/\/blogs.diariosur.es\/soyfriki\/wp-json\/wp\/v2\/posts"}],"about":[{"href":"https:\/\/blogs.diariosur.es\/soyfriki\/wp-json\/wp\/v2\/types\/post"}],"author":[{"embeddable":true,"href":"https:\/\/blogs.diariosur.es\/soyfriki\/wp-json\/wp\/v2\/users\/7"}],"replies":[{"embeddable":true,"href":"https:\/\/blogs.diariosur.es\/soyfriki\/wp-json\/wp\/v2\/comments?post=224"}],"version-history":[{"count":0,"href":"https:\/\/blogs.diariosur.es\/soyfriki\/wp-json\/wp\/v2\/posts\/224\/revisions"}],"wp:attachment":[{"href":"https:\/\/blogs.diariosur.es\/soyfriki\/wp-json\/wp\/v2\/media?parent=224"}],"wp:term":[{"taxonomy":"category","embeddable":true,"href":"https:\/\/blogs.diariosur.es\/soyfriki\/wp-json\/wp\/v2\/categories?post=224"},{"taxonomy":"post_tag","embeddable":true,"href":"https:\/\/blogs.diariosur.es\/soyfriki\/wp-json\/wp\/v2\/tags?post=224"}],"curies":[{"name":"wp","href":"https:\/\/api.w.org\/{rel}","templated":true}]}}