{"id":225,"date":"2011-02-15T11:34:00","date_gmt":"2011-02-15T11:34:00","guid":{"rendered":"http:\/\/blogs.diariosur.es\/tuenti-facebook\/?p=225"},"modified":"2011-02-15T11:34:00","modified_gmt":"2011-02-15T11:34:00","slug":"celebra-big-culo-day-2011-blogs-y-twitter-llena-de","status":"publish","type":"post","link":"https:\/\/blogs.diariosur.es\/soyfriki\/2011\/02\/15\/celebra-big-culo-day-2011-blogs-y-twitter-llena-de\/","title":{"rendered":"Celebra el Big Culo Day 2011 en blogs y Twitter, llena de traseros la blogosfera &#8211; #bigculoday"},"content":{"rendered":"<p>Hoy, 15 de febrero, celebramos el <strong>Big Culo Day<\/strong>, tageado en Twitter como <A href=\"http:\/\/twitter.com\/#%21\/search\/%23bigculoday\" title=\"http:\/\/twitter.com\/#!\/search\/%23bigculoday\" id=\"link_1\">#bigculoday<\/a> . Una celebraci\u00f3n que nace a <A href=\"http:\/\/jotacedt.blogspot.com\/2010\/02\/big-culo-day-2010.html\" title=\"http:\/\/jotacedt.blogspot.com\/2010\/02\/big-culo-day-2010.html\" id=\"link_0\">propuesta de Jotac\u00e9, desde 2010<\/a>, para llenar de traseros la blogosfera. <\/p>\n<p><strong>Big Culo Day <\/strong><strong>consiste e<\/strong>n colocar en <A href=\"http:\/\/blogs.diariosur.es\/tuenti-facebook\" title=\"http:\/\/blogs.diariosur.es\/tuenti-facebook\" id=\"link_2\">tu Blog<\/a> o tu <A href=\"http:\/\/twitter.com\/diario_sur\" title=\"http:\/\/twitter.com\/diario_sur\" id=\"link_3\">Twitter <\/a> -y propongo que en tu <A href=\"http:\/\/facebook.com\/diariosur\" title=\"http:\/\/facebook.com\/diariosur\" id=\"link_4\">Facebook<\/a>&#8211; el trasero m\u00e1s prieto que encuentres, ya sea masculino o femenino. Es una festividad un tanto friki porque tienes que poner culos relacionados con el comic, aunque yo prefier proponeros a gente que deber\u00eda tener un c\u00f3mic s\u00f3lo por el culo que gastan.<\/p>\n<p> Aqu\u00ed van los m\u00edos&#8230;<\/p>\n<table border=\"0\" cellpadding=\"0\" cellspacing=\"0\" width=\"95%\">\n<tbody>\n<tr>\n<td width=\"210\"><IMG src=\"\/\/blogs.diariosur.es\/tuenti-facebook\/files\/jennifer-lopez-mejor-culo.JPG\" name=\"img_0\" class=\"imgizqda\" id=\"img_0\" align=\"left\" height=\"269\" width=\"203\"><\/td>\n<td valign=\"top\"><A href=\"http:\/\/www.diariosur.es\/20100812\/gente\/jennifer-lopez-sigue-teniendo-201008121840.html\" title=\"http:\/\/www.diariosur.es\/20100812\/gente\/jennifer-lopez-sigue-teniendo-201008121840.html\" id=\"link_5\">Jennifer L\u00f3pez, que seg\u00fan la p\u00e1gina web W.E.N.N., con un 37% de los votos, sigue siendo el trasero elegido como el mejor culo del mundo.<\/a> <\/p>\n<p>      <strong>Fotos<\/strong> <A href=\"http:\/\/www.diariosur.es\/multimedia\/fotos\/ultimos\/66859-jennifer-lopez-marc-anthony-presentan-colecciones-moda-para-2011-0-0.html\" title=\"http:\/\/www.diariosur.es\/multimedia\/fotos\/ultimos\/66859-jennifer-lopez-marc-anthony-presentan-colecciones-moda-para-2011-0-0.html\" id=\"link_14\">Jennifer Lopez y Marc Anthony presentan sus colecciones de moda<\/a><\/p>\n<p>       <A href=\"http:\/\/www.diariosur.es\/multimedia\/fotos\/ultimos\/57637-jennifer-lopez-cruise-pareja-baile-premios-0.html\" title=\"http:\/\/www.diariosur.es\/multimedia\/fotos\/ultimos\/57637-jennifer-lopez-cruise-pareja-baile-premios-0.html\" id=\"link_15\">Jennifer L\u00f3pez y Tom Cruise, pareja de baile en los premios MTV<\/a><\/p>\n<p>      <A href=\"http:\/\/www.diariosur.es\/multimedia\/fotos\/ultimos\/55427-jennifer-lopez-presenta-madrid-plan-0.html\" title=\"http:\/\/www.diariosur.es\/multimedia\/fotos\/ultimos\/55427-jennifer-lopez-presenta-madrid-plan-0.html\" id=\"link_16\">Jennifer L\u00f3pez presenta en Madrid &#8216;El plan B&#8217;<\/a><\/p>\n<p>    <A href=\"http:\/\/www.diariosur.es\/multimedia\/fotos\/ultimos\/48916-jennifer-lopez-sexy-nochevieja-nueva-york-0.html\" title=\"http:\/\/www.diariosur.es\/multimedia\/fotos\/ultimos\/48916-jennifer-lopez-sexy-nochevieja-nueva-york-0.html\" id=\"link_17\">Jennifer Lopez, sexy en la Nochevieja de Nueva York<\/a> <A href=\"http:\/\/www.diariosur.es\/multimedia\/fotos\/20708.html\" title=\"http:\/\/www.diariosur.es\/multimedia\/fotos\/20708.html\" id=\"link_18\">Jennifer L\u00f3pez, una diosa latina en la Acr\u00f3polis<\/a><\/p>\n<\/td>\n<\/tr>\n<tr>\n<td> <\/td>\n<td valign=\"top\">\n<\/td>\n<\/tr>\n<tr>\n<td><IMG src=\"\/soyfriki\/wp-content\/uploads\/sites\/14\" name=\"img_0\" class=\"imgizqda\" id=\"img_4\" align=\"left\" height=\"272\" width=\"203\"><\/td>\n<td valign=\"top\"><A href=\"http:\/\/www.diariosur.es\/v\/20100330\/gente\/necesite-terapia-para-amar-20100330.html\" title=\"http:\/\/www.diariosur.es\/v\/20100330\/gente\/necesite-terapia-para-amar-20100330.html\" id=\"link_20\">Shakira necesit\u00f3 terapia para amar su cuerpo. \u00a1Una hora al d\u00eda! Seg\u00fan confes\u00f3 en una entrevista.<\/a> <\/p>\n<p>        <A href=\"http:\/\/www.diariosur.es\/multimedia\/fotos\/ultimos\/67207-shakira-barcelona-concierto-0.html\" title=\"http:\/\/www.diariosur.es\/multimedia\/fotos\/ultimos\/67207-shakira-barcelona-concierto-0.html\" id=\"link_21\"> <\/a> <strong>Fotos<\/strong> <A href=\"http:\/\/www.diariosur.es\/multimedia\/fotos\/ultimos\/67207-shakira-barcelona-concierto-0.html\" title=\"http:\/\/www.diariosur.es\/multimedia\/fotos\/ultimos\/67207-shakira-barcelona-concierto-0.html\" id=\"link_21\">Shakira, en Barcelona de concierto<\/a> <\/p>\n<p>      <A href=\"http:\/\/www.diariosur.es\/multimedia\/fotos\/ultimos\/66989-shakira-triunfa-concierto-madrid-0.html\" title=\"http:\/\/www.diariosur.es\/multimedia\/fotos\/ultimos\/66989-shakira-triunfa-concierto-madrid-0.html\" id=\"link_22\">Shakira triunfa en su concierto en Madrid<\/a> <\/p>\n<p>      <A href=\"http:\/\/www.diariosur.es\/multimedia\/fotos\/ultimos\/63383-shakira-triunfa-square-garden-nueva-york-0.html\" title=\"http:\/\/www.diariosur.es\/multimedia\/fotos\/ultimos\/63383-shakira-triunfa-square-garden-nueva-york-0.html\" id=\"link_23\">Shakira triunfa en el Square Garden de Nueva York<\/a><\/p>\n<p>       <A href=\"#link_1\" title=\"http:\/\/www.diariosur.es\/multimedia\/fotos\/ultimos\/52146-ritmo-shakira-acelera-salon-ginebra-0.html\" id=\"link_24\">El ritmo de Shakira acelera el Sal\u00f3n de de Ginebra<\/a> <\/p>\n<p>      <A href=\"http:\/\/www.diariosur.es\/multimedia\/fotos\/ultimos\/51363-exuberante-shakira-exhibe-star-0.html\" title=\"http:\/\/www.diariosur.es\/multimedia\/fotos\/ultimos\/51363-exuberante-shakira-exhibe-star-0.html\" id=\"link_25\">Una exuberante Shakira en el All Star de la NBA<\/a><\/p>\n<p>       <A href=\"http:\/\/www.diariosur.es\/multimedia\/fotos\/ultimos\/47911-shakira-pronuncia-discurso-universidad-oxford-0.html\" title=\"http:\/\/www.diariosur.es\/multimedia\/fotos\/ultimos\/47911-shakira-pronuncia-discurso-universidad-oxford-0.html\" id=\"link_26\">Shakira pronuncia un discurso en la Universidad de Oxford<\/a><\/p>\n<\/td>\n<\/tr>\n<tr>\n<td valign=\"top\"> <\/td>\n<td valign=\"top\"> <\/td>\n<\/tr>\n<tr>\n<td valign=\"top\"><IMG src=\"\/soyfriki\/wp-content\/uploads\/sites\/14\" name=\"img_0\" class=\"imgizqda\" id=\"img_3\" align=\"left\" height=\"264\" width=\"203\"><\/td>\n<td valign=\"top\"><A href=\"http:\/\/www.diariosur.es\/v\/20110121\/gente\/armani-desnuda-rafa-nadal-20110121.html\" title=\"http:\/\/www.diariosur.es\/v\/20110121\/gente\/armani-desnuda-rafa-nadal-20110121.html\" id=\"link_6\">Armani desnud\u00f3 a Rafa Nadal, considerado por mis compa\u00f1eras como uno de los mejores culos.<\/a> <\/p>\n<p>      <strong>Fotos<\/strong><\/p>\n<p>      <A href=\"http:\/\/www.diariosur.es\/multimedia\/fotos\/16971.html\" title=\"http:\/\/www.diariosur.es\/multimedia\/fotos\/16971.html\" id=\"link_7\">Rafa Nadal, el tenista m\u00e1s sexy<\/a> <\/p>\n<p>      <A href=\"http:\/\/www.diariosur.es\/multimedia\/fotos\/22705.html\" title=\"http:\/\/www.diariosur.es\/multimedia\/fotos\/22705.html\" id=\"link_8\">Rafa Nadal, Premio Pr\u00edncipe de Asturias de los Deportes<\/a> <\/p>\n<p>      <A href=\"http:\/\/www.diariosur.es\/multimedia\/fotos\/ultimos\/57666-rafa-nadal-celebra-disneyland-paris-triunfo-0.html\" title=\"http:\/\/www.diariosur.es\/multimedia\/fotos\/ultimos\/57666-rafa-nadal-celebra-disneyland-paris-triunfo-0.html\" id=\"link_9\">Rafa Nadal en Disneyland Par\u00eds<\/a> <\/p>\n<p>    <A href=\"http:\/\/www.diariosur.es\/multimedia\/fotos\/ultimos\/61946-rafa-nadal-juega-tenis-refaeli-0.html\" title=\"http:\/\/www.diariosur.es\/multimedia\/fotos\/ultimos\/61946-rafa-nadal-juega-tenis-refaeli-0.html\" id=\"link_10\">Rafa Nadal juega al tenis con Bar Refaeli<\/a> <\/p>\n<\/td>\n<\/tr>\n<\/tbody>\n<\/table>\n","protected":false},"excerpt":{"rendered":"<p>Hoy, 15 de febrero, celebramos el Big Culo Day, tageado en Twitter como #bigculoday . Una celebraci\u00f3n que nace a propuesta de Jotac\u00e9, desde 2010, para llenar de traseros la blogosfera. Big Culo Day consiste en colocar en tu Blog o tu Twitter -y propongo que en tu Facebook&#8211; el trasero m\u00e1s prieto que encuentres, [&hellip;]<\/p>\n","protected":false},"author":7,"featured_media":0,"comment_status":"open","ping_status":"closed","sticky":false,"template":"","format":"standard","meta":[],"categories":[9],"tags":[61,62,66,112,116,483],"_links":{"self":[{"href":"https:\/\/blogs.diariosur.es\/soyfriki\/wp-json\/wp\/v2\/posts\/225"}],"collection":[{"href":"https:\/\/blogs.diariosur.es\/soyfriki\/wp-json\/wp\/v2\/posts"}],"about":[{"href":"https:\/\/blogs.diariosur.es\/soyfriki\/wp-json\/wp\/v2\/types\/post"}],"author":[{"embeddable":true,"href":"https:\/\/blogs.diariosur.es\/soyfriki\/wp-json\/wp\/v2\/users\/7"}],"replies":[{"embeddable":true,"href":"https:\/\/blogs.diariosur.es\/soyfriki\/wp-json\/wp\/v2\/comments?post=225"}],"version-history":[{"count":0,"href":"https:\/\/blogs.diariosur.es\/soyfriki\/wp-json\/wp\/v2\/posts\/225\/revisions"}],"wp:attachment":[{"href":"https:\/\/blogs.diariosur.es\/soyfriki\/wp-json\/wp\/v2\/media?parent=225"}],"wp:term":[{"taxonomy":"category","embeddable":true,"href":"https:\/\/blogs.diariosur.es\/soyfriki\/wp-json\/wp\/v2\/categories?post=225"},{"taxonomy":"post_tag","embeddable":true,"href":"https:\/\/blogs.diariosur.es\/soyfriki\/wp-json\/wp\/v2\/tags?post=225"}],"curies":[{"name":"wp","href":"https:\/\/api.w.org\/{rel}","templated":true}]}}