{"id":238,"date":"2011-02-24T19:11:00","date_gmt":"2011-02-24T19:11:00","guid":{"rendered":"http:\/\/blogs.diariosur.es\/tuenti-facebook\/?p=238"},"modified":"2011-02-24T19:11:00","modified_gmt":"2011-02-24T19:11:00","slug":"vota-ale-alejandro-candidato-del-pp-tarragona-sensacion","status":"publish","type":"post","link":"https:\/\/blogs.diariosur.es\/soyfriki\/2011\/02\/24\/vota-ale-alejandro-candidato-del-pp-tarragona-sensacion\/","title":{"rendered":"Vota a Ale Alejandro, candidato del PP de Tarragona, sensaci\u00f3n de Youtube"},"content":{"rendered":"<p>Ni baila ni canta, pero es la nueva sensaci\u00f3n de <strong>Youtube<\/strong>. Algo hortera, eso s\u00ed, pero como casi todas las cosas que triunfan en Youtube. \u00a1\u00a1126.000.000 visualizaciones!! <\/p>\n<p>La canci\u00f3n de <strong>Lady Gaga<\/strong> ha servido de jingle de campa\u00f1a de <strong>Alejandro Fern\u00e1ndez<\/strong>,  candidato a la alcald\u00eda de Tarragona por el <strong>Partido Popular<\/strong>&#8230; Y ha salido esto de <strong>&#8216;Ale Alejandro&#8217;<\/strong>. Confieso que me pone los vellos de punta&#8230; Arg.<\/p>\n<p><object style=\"border: 0pt none; background: none repeat scroll 0% 0% transparent; margin: 0pt;\" height=\"476\" width=\"595\"><param  name=\"movie\" value=\"http:\/\/www.youtube.com\/v\/F7u3IoiGCPc?fs=1&#038;hl=es_ES&#038;rel=0\"><\/param><param  name=\"allowFullScreen\" value=\"true\"><\/param><param  name=\"allowscriptaccess\" value=\"always\"><\/param><embed  src=\"\/\/www.youtube.com\/v\/F7u3IoiGCPc?fs=1&#038;hl=es_ES&#038;rel=0\" type=\"application\/x-shockwave-flash\" allowscriptaccess=\"always\" allowfullscreen=\"true\" height=\"476\" width=\"595\"><\/embed><\/object><\/p>\n","protected":false},"excerpt":{"rendered":"<p>Ni baila ni canta, pero es la nueva sensaci\u00f3n de Youtube. Algo hortera, eso s\u00ed, pero como casi todas las cosas que triunfan en Youtube. \u00a1\u00a1126.000.000 visualizaciones!! La canci\u00f3n de Lady Gaga ha servido de jingle de campa\u00f1a de Alejandro Fern\u00e1ndez, candidato a la alcald\u00eda de Tarragona por el Partido Popular&#8230; Y ha salido esto [&hellip;]<\/p>\n","protected":false},"author":7,"featured_media":0,"comment_status":"open","ping_status":"closed","sticky":false,"template":"","format":"standard","meta":[],"categories":[9],"tags":[529],"_links":{"self":[{"href":"https:\/\/blogs.diariosur.es\/soyfriki\/wp-json\/wp\/v2\/posts\/238"}],"collection":[{"href":"https:\/\/blogs.diariosur.es\/soyfriki\/wp-json\/wp\/v2\/posts"}],"about":[{"href":"https:\/\/blogs.diariosur.es\/soyfriki\/wp-json\/wp\/v2\/types\/post"}],"author":[{"embeddable":true,"href":"https:\/\/blogs.diariosur.es\/soyfriki\/wp-json\/wp\/v2\/users\/7"}],"replies":[{"embeddable":true,"href":"https:\/\/blogs.diariosur.es\/soyfriki\/wp-json\/wp\/v2\/comments?post=238"}],"version-history":[{"count":0,"href":"https:\/\/blogs.diariosur.es\/soyfriki\/wp-json\/wp\/v2\/posts\/238\/revisions"}],"wp:attachment":[{"href":"https:\/\/blogs.diariosur.es\/soyfriki\/wp-json\/wp\/v2\/media?parent=238"}],"wp:term":[{"taxonomy":"category","embeddable":true,"href":"https:\/\/blogs.diariosur.es\/soyfriki\/wp-json\/wp\/v2\/categories?post=238"},{"taxonomy":"post_tag","embeddable":true,"href":"https:\/\/blogs.diariosur.es\/soyfriki\/wp-json\/wp\/v2\/tags?post=238"}],"curies":[{"name":"wp","href":"https:\/\/api.w.org\/{rel}","templated":true}]}}