{"id":241,"date":"2011-03-01T21:07:00","date_gmt":"2011-03-01T21:07:00","guid":{"rendered":"http:\/\/blogs.diariosur.es\/tuenti-facebook\/?p=241"},"modified":"2011-03-01T21:07:00","modified_gmt":"2011-03-01T21:07:00","slug":"por-y-como-sintonizar-tdt-desde-1-marzo","status":"publish","type":"post","link":"https:\/\/blogs.diariosur.es\/soyfriki\/2011\/03\/01\/por-y-como-sintonizar-tdt-desde-1-marzo\/","title":{"rendered":"\u00bfPor qu\u00e9 y c\u00f3mo sintonizar la TDT desde el 1 de marzo?"},"content":{"rendered":"<p>La <A href=\"http:\/\/www.diariosur.es\/v\/20110301\/malaga\/cambios-varios-canales-20110301.html\" title=\"http:\/\/www.diariosur.es\/v\/20110301\/malaga\/cambios-varios-canales-20110301.html\" id=\"link_0\">TDT (televisi\u00f3n digital terrestre) sufre otro cambio<\/a>. Concretamente 6 canales cambian frecuencia: <strong>Teledeporte, Intereconom\u00eda, Veo 7, AXN, Gol TV y Canal+ 2<\/strong>. Por ello, desde hoy 1 de marzo, hay que <strong>r<\/strong><strong>esintonizar los descodificadores<\/strong>.<\/p>\n<p>No hace falta, seg\u00fan el Ministerio de Industria, <strong>reorientar ni cambiar las antenas de televisi\u00f3n<\/strong>, salvo excepciones con Teledeporte. <\/p>\n<p><IMG src=\"\/soyfriki\/wp-content\/uploads\/sites\/14\" id=\"img_0\" class=\"imgdcha\"><strong>\u00bfC\u00f3mo se hace? <\/strong><\/p>\n<p>Como lo normal es resintonizar tu descodificador (<strong>decodificador <\/strong>como lo llaman algunos) de <strong>manera autom\u00e1tica<\/strong>, ocurrir\u00e1 que las nuevas frecuencias al final de tu lista de canales. Si tienes suerte. Tambi\u00e9n puede ser que se te desordenen todos. Ante la duda, y pese a que es m\u00e1s tedioso, los puedes <strong>sintonizar de forma manual<\/strong>. Uno a uno.<\/p>\n<p>Los <strong>canales afectados<\/strong> tienen las siguientes <strong>sinton\u00edas<\/strong>: Intereconom\u00eda, que pasa del actual canal 66 al 66-68; AXN, del 66 al 66-69; Veo 7, del 66 al 66-69 y Gol TV, del 69 al 67.<\/p>\n<div style=\"text-align: center;\">\n<h3>Hay un tel\u00e9fono de atenci\u00f3n al usuario de TDT &#8211; 901 201 00<\/h3>\n<\/div>\n<p> El Ministerio ha habilitado un periodo de tres meses durante el cual los canales afectados por este cambio podr\u00e1n continuar ocupando su antigua frecuencia antes de comenzar a emitirse exclusivamente por la nueva.<\/p>\n<p>Todo sobre la TDT en <strong>televisiondigital.es<\/strong><\/p>\n<dl>\n<dt><A href=\"http:\/\/www.televisiondigital.es\/Terrestre\/Paginas\/Tengoproblemasderecepcion.aspx\" title=\"\">&#8211; Problemas de recepci\u00f3n de la TDT y su soluci\u00f3n <\/a><\/dt>\n<dd>\n <\/dd>\n<dt><A href=\"http:\/\/www.televisiondigital.es\/Terrestre\/Cobertura\/Paginas\/Cobertura.aspx\" title=\"\">&#8211; Consulta la cobertura de la TDT por provincias<br \/>\n <\/a><\/dt>\n<dd>\n <\/dd>\n<dt><A href=\"http:\/\/www.televisiondigital.es\/Terrestre\/Paginas\/Preguntasfrecuentes.aspx\" title=\"\">&#8211; Preguntas frecuentes sobre la TDT<\/a><A href=\"http:\/\/www.televisiondigital.es\/Terrestre\/Paginas\/Reordenaciondecanales.aspx\" title=\"\"><br \/>\n&#8211; Reordenaci\u00f3n de canales en los m\u00faltiples de la televisi\u00f3n digital terrestre (TDT)<\/a>\n<\/dt>\n<\/dl>\n<p><A href=\"http:\/\/www.televisiondigital.es\/Terrestre\/Paginas\/Guiaaltadefinicion.aspx\" title=\"\">&#8211; Gu\u00eda del usuario de la televisi\u00f3n en alta definici\u00f3n (HD)<\/a><\/p>\n","protected":false},"excerpt":{"rendered":"<p>La TDT (televisi\u00f3n digital terrestre) sufre otro cambio. Concretamente 6 canales cambian frecuencia: Teledeporte, Intereconom\u00eda, Veo 7, AXN, Gol TV y Canal+ 2. Por ello, desde hoy 1 de marzo, hay que resintonizar los descodificadores. No hace falta, seg\u00fan el Ministerio de Industria, reorientar ni cambiar las antenas de televisi\u00f3n, salvo excepciones con Teledeporte. \u00bfC\u00f3mo [&hellip;]<\/p>\n","protected":false},"author":7,"featured_media":0,"comment_status":"open","ping_status":"closed","sticky":false,"template":"","format":"standard","meta":[],"categories":[9],"tags":[442],"_links":{"self":[{"href":"https:\/\/blogs.diariosur.es\/soyfriki\/wp-json\/wp\/v2\/posts\/241"}],"collection":[{"href":"https:\/\/blogs.diariosur.es\/soyfriki\/wp-json\/wp\/v2\/posts"}],"about":[{"href":"https:\/\/blogs.diariosur.es\/soyfriki\/wp-json\/wp\/v2\/types\/post"}],"author":[{"embeddable":true,"href":"https:\/\/blogs.diariosur.es\/soyfriki\/wp-json\/wp\/v2\/users\/7"}],"replies":[{"embeddable":true,"href":"https:\/\/blogs.diariosur.es\/soyfriki\/wp-json\/wp\/v2\/comments?post=241"}],"version-history":[{"count":0,"href":"https:\/\/blogs.diariosur.es\/soyfriki\/wp-json\/wp\/v2\/posts\/241\/revisions"}],"wp:attachment":[{"href":"https:\/\/blogs.diariosur.es\/soyfriki\/wp-json\/wp\/v2\/media?parent=241"}],"wp:term":[{"taxonomy":"category","embeddable":true,"href":"https:\/\/blogs.diariosur.es\/soyfriki\/wp-json\/wp\/v2\/categories?post=241"},{"taxonomy":"post_tag","embeddable":true,"href":"https:\/\/blogs.diariosur.es\/soyfriki\/wp-json\/wp\/v2\/tags?post=241"}],"curies":[{"name":"wp","href":"https:\/\/api.w.org\/{rel}","templated":true}]}}