{"id":243,"date":"2011-03-02T15:24:00","date_gmt":"2011-03-02T15:24:00","guid":{"rendered":"http:\/\/blogs.diariosur.es\/tuenti-facebook\/?p=243"},"modified":"2011-03-02T15:24:00","modified_gmt":"2011-03-02T15:24:00","slug":"adelanto-primeras-imagenes-del-ipad-2-apple-o-al-menos-del","status":"publish","type":"post","link":"https:\/\/blogs.diariosur.es\/soyfriki\/2011\/03\/02\/adelanto-primeras-imagenes-del-ipad-2-apple-o-al-menos-del\/","title":{"rendered":"Adelanto: Primeras fotos del iPad 2 de Apple (o al menos del prototipo)"},"content":{"rendered":"<p><strong>Apple <\/strong>ya hab\u00eda filtrado detalles sobre<strong> iPad 2<\/strong>, la nueva versi\u00f3n, y la nueva l\u00ednea de port\u00e1tiles<strong> MacBook Pro<\/strong>. <\/p>\n<p> <IMG src=\"\/soyfriki\/wp-content\/uploads\/sites\/14\" id=\"img_0\" class=\"imgcen\" height=\"320\" width=\"436\"><\/p>\n<p> Se sabe que el <strong>nuevo <\/strong><strong>Ipad <\/strong>ser\u00e1 m\u00e1s <strong>ligero<\/strong> <strong>y delgado<\/strong> e incluir\u00e1 <strong>dos c\u00e1maras<\/strong>, una frontal y otra trasera, seg\u00fan las im\u00e1genes publicadas por el <A href=\"http:\/\/www.hexus.net\/\" title=\"http:\/\/www.hexus.net\/\" id=\"link_0\">sitio web de Hexus<\/a>. Tendr\u00e1, seg\u00fan anunci\u00f3 la empresa californiana, mayor <strong>r<\/strong><strong>esoluci\u00f3n de pantalla<\/strong>.<\/p>\n<p>Al mercado <strong>iPad 2 llegar\u00eda a<\/strong> <strong>un precio<\/strong> muy similar, o incluso igual al que tuvo la primera versi\u00f3n: 499 d\u00f3lares (la b\u00e1sica) y 829 d\u00f3lares (la pro). Los sitios especializados hablan de que el dispositivo no permitir\u00e1 <strong>tarjeta de memoria SD<\/strong> ni llevar\u00e1 <strong>puerto USB<\/strong>. <\/p>\n<p>Para los sibaritas, se habla de que por fin llegar\u00e1 el <strong>iPad en color blanco<\/strong>.<\/p>\n<p><IMG src=\"\/soyfriki\/wp-content\/uploads\/sites\/14\" id=\"img_0\" class=\"imgcen\" height=\"302\" width=\"435\"><\/p>\n<p>El iPad 2 <strong>ser\u00e1 presentado este 2 de marzo<\/strong>, y su comercializaci\u00f3n comenzar\u00e1 en una semana m\u00e1s tarde.<\/p>\n<p>M\u00e1s sobre iPad&#8230;<\/p>\n<p><A target=\"_blank\" href=\"http:\/\/www.diariosur.es\/v\/20110225\/sociedad\/cacharreria-para-2011-20110225.html\" title=\"Cacharrer\u00eda para el 2011\">Los gadgets que no te puedes perder para el 2011<\/a><\/p>\n<p><A target=\"_blank\" href=\"http:\/\/www.diariosur.es\/v\/20100808\/sociedad\/cien-dias-ipad-20100808.html\" title=\"Cien d\u00edas con el iPad\">Cien d\u00edas con un iPad<\/a><\/p>\n<p><A target=\"_blank\" href=\"http:\/\/www.diariosur.es\/v\/20100226\/sociedad\/comprar-ipad-20100226.html\" title=\"Comprar un iPad, \u00bfs\u00ed o no?\">Encuesta para saber si comprar un iPad, \u00bfs\u00ed o no?<\/a><\/p>\n","protected":false},"excerpt":{"rendered":"<p>Apple ya hab\u00eda filtrado detalles sobre iPad 2, la nueva versi\u00f3n, y la nueva l\u00ednea de port\u00e1tiles MacBook Pro. Se sabe que el nuevo Ipad ser\u00e1 m\u00e1s ligero y delgado e incluir\u00e1 dos c\u00e1maras, una frontal y otra trasera, seg\u00fan las im\u00e1genes publicadas por el sitio web de Hexus. Tendr\u00e1, seg\u00fan anunci\u00f3 la empresa californiana, [&hellip;]<\/p>\n","protected":false},"author":7,"featured_media":0,"comment_status":"open","ping_status":"closed","sticky":false,"template":"","format":"standard","meta":[],"categories":[9],"tags":[47,247],"_links":{"self":[{"href":"https:\/\/blogs.diariosur.es\/soyfriki\/wp-json\/wp\/v2\/posts\/243"}],"collection":[{"href":"https:\/\/blogs.diariosur.es\/soyfriki\/wp-json\/wp\/v2\/posts"}],"about":[{"href":"https:\/\/blogs.diariosur.es\/soyfriki\/wp-json\/wp\/v2\/types\/post"}],"author":[{"embeddable":true,"href":"https:\/\/blogs.diariosur.es\/soyfriki\/wp-json\/wp\/v2\/users\/7"}],"replies":[{"embeddable":true,"href":"https:\/\/blogs.diariosur.es\/soyfriki\/wp-json\/wp\/v2\/comments?post=243"}],"version-history":[{"count":0,"href":"https:\/\/blogs.diariosur.es\/soyfriki\/wp-json\/wp\/v2\/posts\/243\/revisions"}],"wp:attachment":[{"href":"https:\/\/blogs.diariosur.es\/soyfriki\/wp-json\/wp\/v2\/media?parent=243"}],"wp:term":[{"taxonomy":"category","embeddable":true,"href":"https:\/\/blogs.diariosur.es\/soyfriki\/wp-json\/wp\/v2\/categories?post=243"},{"taxonomy":"post_tag","embeddable":true,"href":"https:\/\/blogs.diariosur.es\/soyfriki\/wp-json\/wp\/v2\/tags?post=243"}],"curies":[{"name":"wp","href":"https:\/\/api.w.org\/{rel}","templated":true}]}}