{"id":246,"date":"2011-03-04T17:48:00","date_gmt":"2011-03-04T17:48:00","guid":{"rendered":"http:\/\/blogs.diariosur.es\/tuenti-facebook\/?p=246"},"modified":"2011-03-04T17:48:00","modified_gmt":"2011-03-04T17:48:00","slug":"el-escote-anna-simon-motivo-tocarse-segun-matias","status":"publish","type":"post","link":"https:\/\/blogs.diariosur.es\/soyfriki\/2011\/03\/04\/el-escote-anna-simon-motivo-tocarse-segun-matias\/","title":{"rendered":"El escote de Anna Sim\u00f3n, un motivo para #tocarse, seg\u00fan &#039;Mat\u00edas Prats&#039; &#8211; Con video"},"content":{"rendered":"<p>Es lo que llaman el &#8216;<strong>chistaco<\/strong>&#8216;, en ese programa tan singracia de <A href=\"http:\/\/www.cuatro.com\/\" title=\"http:\/\/www.cuatro.com\/\" id=\"link_0\">Cuatro<\/a>, que para m\u00ed es <A href=\"http:\/\/www.cuatro.com\/tonterias-las-justas\/\" title=\"http:\/\/www.cuatro.com\/tonterias-las-justas\/\" id=\"link_1\">Tonter\u00edas las Justas<\/a> .<\/p>\n<p>Como siempre, <A href=\"..\/tuenti-facebook\/2010\/9\/24\/el-escote-ana-simon-tonterias-justas-\" title=\"http:\/\/blogs.diariosur.es\/tuenti-facebook\/2010\/9\/24\/el-escote-ana-simon-tonterias-justas-\" id=\"link_2\">Anna Sim\u00f3n luc\u00eda hoy un escote<\/a>  de esos que le llegaban a la altura del ombligo. Y sus compa\u00f1eros, entre el descojone y el babeo, han empezado a hacer chistes sobre su ligereza de ropa. <\/p>\n<p>Uno, imitando a <strong>Mat\u00edas Prats<\/strong>, le ha dicho: &#8220;La clave para hacer un buen informativo es <strong>ense\u00f1ar <\/strong>y <strong>entretener<\/strong>. T\u00fa, ense\u00f1ar ya ense\u00f1as. La gente ya se entretiene en casa sola contigo&#8221;. Vamos, poca gracia y peor gusto.<\/p>\n<p>Eso ha convertido a <A href=\"..\/tuenti-facebook\/2010\/9\/24\/el-escote-ana-simon-tonterias-justas-\" title=\"http:\/\/blogs.diariosur.es\/tuenti-facebook\/2010\/9\/24\/el-escote-ana-simon-tonterias-justas-\" id=\"link_3\">Anna Sim\u00f3n<\/a>  -por su <A href=\"..\/tuenti-facebook\/2010\/9\/24\/el-escote-ana-simon-tonterias-justas-\" title=\"http:\/\/blogs.diariosur.es\/tuenti-facebook\/2010\/9\/24\/el-escote-ana-simon-tonterias-justas-\" id=\"link_4\">escote<\/a>&#8211; y a los motivos para <A href=\"http:\/\/twitter.com\/#%21\/search\/%23tocarse\" title=\"http:\/\/twitter.com\/#!\/search\/%23tocarse\" id=\"link_5\">#tocarse<\/a> , en <A href=\"http:\/\/blogs.diariosur.es\/tuenti-facebook\/tags\/trend\" title=\"http:\/\/blogs.diariosur.es\/tuenti-facebook\/tags\/trend\" id=\"link_6\">Trend Topic<\/a> en Espa\u00f1a de <A href=\"..\/tuenti-facebook\/tags\/twitter\" title=\"http:\/\/blogs.diariosur.es\/tuenti-facebook\/tags\/twitter\" id=\"link_7\">Twitter<\/a> . As\u00ed es&#8230; Triste. <\/p>\n<p>Por cierto, el v\u00eddeo, antes de que sea carne de <A href=\"..\/tuenti-facebook\/tags\/youtube\" title=\"http:\/\/blogs.diariosur.es\/tuenti-facebook\/tags\/youtube\" id=\"link_8\">Youtube<\/a> , os lo sirvo directamente desde <strong>Cuatro<\/strong>. Porque a los se\u00f1ores, encima, les gusta presumir.<\/p>\n<p><object style=\"border: 0pt none; background: none repeat scroll 0% 0% transparent; margin: 0pt;\" classid=\"clsid:d27cdb6e-ae6d-11cf-96b8-444553540000\" codebase=\"http:\/\/fpdownload.macromedia.com\/pub\/shockwave\/cabs\/flash\/swflash.cab#version=9,0,0,0\" id=\"PLYVideo_cuatro\" align=\"middle\" height=\"350\" width=\"595\"><param  name=\"allowScriptAccess\" value=\"always\"><\/param><param  name=\"allowFullScreen\" value=\"true\"><\/param><param  name=\"movie\" value=\"http:\/\/www.cuatro.com\/comunes\/multimedia\/videoAS3\/skins\/cuatro\/PLYVideo_cuatro.swf\"><\/param><param  name=\"quality\" value=\"high\"><\/param><param  name=\"scale\" value=\"noscale\"><\/param><param  name=\"bgcolor\" value=\"#ffffff\"><\/param><param  name=\"FlashVars\" value=\"skin=cuatro&#038;referrer=http:\/\/www.cuatro.com\/1\/543-xjtwjpnv7rnte\/&#038;xref=20110304ctoultpro_53.Ves&#038;playlist=&#038;conf=http:\/\/www.cuatro.com\/comunes\/multimedia\/videoAS3\/skins\/cuatro\/conf_embed.xml&#038;logo=http:\/\/www.cuatro.com\/recorte\/20110304ctoultpro_67\/XLCO\/Ies\/20110304ctoultpro_67.jpg\"><\/param><\/object><embed  src=\"\/\/www.cuatro.com\/comunes\/multimedia\/videoAS3\/skins\/cuatro\/PLYVideo_cuatro.swf\" quality=\"high\" scale=\"noscale\" bgcolor=\"#ffffff\" id=\"PLYVideo_cuatro\" name=\"PLYVideo_cuatro\" allowscriptaccess=\"always\" allowfullscreen=\"true\" type=\"application\/x-shockwave-flash\" pluginspage=\"http:\/\/www.macromedia.com\/go\/getflashplayer\" flashvars=\"skin=cuatro&#038;referrer=http:\/\/www.cuatro.com\/1\/543-xjtwjpnv7rnte\/&#038;xref=20110304ctoultpro_53.Ves&#038;playlist=&#038;conf=http:\/\/www.cuatro.com\/comunes\/multimedia\/videoAS3\/skins\/cuatro\/conf_embed.xml&#038;logo=http:\/\/www.cuatro.com\/recorte\/20110304ctoultpro_67\/XLCO\/Ies\/20110304ctoultpro_67.jpg\" align=\"middle\" height=\"350\" width=\"595\"><\/embed><\/p>\n","protected":false},"excerpt":{"rendered":"<p>Es lo que llaman el &#8216;chistaco&#8216;, en ese programa tan singracia de Cuatro, que para m\u00ed es Tonter\u00edas las Justas . Como siempre, Anna Sim\u00f3n luc\u00eda hoy un escote de esos que le llegaban a la altura del ombligo. Y sus compa\u00f1eros, entre el descojone y el babeo, han empezado a hacer chistes sobre su [&hellip;]<\/p>\n","protected":false},"author":7,"featured_media":0,"comment_status":"open","ping_status":"closed","sticky":false,"template":"","format":"standard","meta":[],"categories":[9],"tags":[111,459,466,483,529],"_links":{"self":[{"href":"https:\/\/blogs.diariosur.es\/soyfriki\/wp-json\/wp\/v2\/posts\/246"}],"collection":[{"href":"https:\/\/blogs.diariosur.es\/soyfriki\/wp-json\/wp\/v2\/posts"}],"about":[{"href":"https:\/\/blogs.diariosur.es\/soyfriki\/wp-json\/wp\/v2\/types\/post"}],"author":[{"embeddable":true,"href":"https:\/\/blogs.diariosur.es\/soyfriki\/wp-json\/wp\/v2\/users\/7"}],"replies":[{"embeddable":true,"href":"https:\/\/blogs.diariosur.es\/soyfriki\/wp-json\/wp\/v2\/comments?post=246"}],"version-history":[{"count":0,"href":"https:\/\/blogs.diariosur.es\/soyfriki\/wp-json\/wp\/v2\/posts\/246\/revisions"}],"wp:attachment":[{"href":"https:\/\/blogs.diariosur.es\/soyfriki\/wp-json\/wp\/v2\/media?parent=246"}],"wp:term":[{"taxonomy":"category","embeddable":true,"href":"https:\/\/blogs.diariosur.es\/soyfriki\/wp-json\/wp\/v2\/categories?post=246"},{"taxonomy":"post_tag","embeddable":true,"href":"https:\/\/blogs.diariosur.es\/soyfriki\/wp-json\/wp\/v2\/tags?post=246"}],"curies":[{"name":"wp","href":"https:\/\/api.w.org\/{rel}","templated":true}]}}