{"id":252,"date":"2011-03-10T11:03:00","date_gmt":"2011-03-10T11:03:00","guid":{"rendered":"http:\/\/blogs.diariosur.es\/tuenti-facebook\/?p=252"},"modified":"2011-03-10T11:03:00","modified_gmt":"2011-03-10T11:03:00","slug":"xxii-congreso-periodismo-digital-huesca-jueves-y-viernes","status":"publish","type":"post","link":"https:\/\/blogs.diariosur.es\/soyfriki\/2011\/03\/10\/xxii-congreso-periodismo-digital-huesca-jueves-y-viernes\/","title":{"rendered":"XXII Congreso de Periodismo Digital de Huesca, jueves y viernes"},"content":{"rendered":"<p>M\u00e1s de 400 personas participan jueves y viernes en el <strong>XXII Congreso de Periodismo Digital de Huesca<\/strong>. <strong>Redes sociales, Internet, Wikileaks<\/strong>, pol\u00edticos, el <strong>Ipad <\/strong>o la crisis econ\u00f3mica ser\u00e1n algunos de los asuntos en este foro.<\/p>\n<p><strong>Garc\u00eda Mongay<\/strong> resalta la presencia de las redes sociales en los contenidos de la duod\u00e9cima edici\u00f3n. Adem\u00e1s, en un a\u00f1o electoral no pod\u00eda faltar la visi\u00f3n que tienen los pol\u00edticos de las herramientas digitales, por lo que tendr\u00e1 especial atenci\u00f3n c\u00f3mo utilizan las redes sociales, qu\u00e9 les gusta compartir y c\u00f3mo han cambiado su d\u00eda a d\u00eda en la mesa redonda titulada <strong>&#8220;Pol\u00edticos en 140 caracteres&#8221;<\/strong>.<\/p>\n<p><IMG src=\"\/soyfriki\/wp-content\/uploads\/sites\/14\" id=\"img_0\" class=\"imgcen\">Este a\u00f1o, el congreso homenajear\u00e1 a la corresponsal de guerra <strong>M\u00f3nica G. Prieto<\/strong>, que recoger\u00e1 el <strong>Premio Jos\u00e9 Manuel Porquet<\/strong> por su labor period\u00edstica en numerosos conflictos, y al cocinero <strong>David de Jorge<\/strong>, que recibir\u00e1 el premio <strong>Blasillo de Huesca<\/strong> por el ingenio que despliega en su blog.<\/p>\n<p><A href=\"http:\/\/twitter.com\/#%21\/congresodigital\" title=\"http:\/\/twitter.com\/#!\/congresodigital\" id=\"link_0\">Sigue el Congreso de Periodismo Digital de Huesca en Twitter >>><\/a><br \/>\n<strong><br \/>\nLo m\u00e1s interesante de la agenda<\/strong>&#8230;<\/p>\n<p><strong>10\/3\/2011<\/strong><\/p>\n<ul>\n<li>11:00 horas. Ponencia: &#8220;EL PAPEL DE LAS REDES SOCIALES EN LA COBERTURA PERIOD\u00cdSTICA&#8221;. Moderador: Mara Torres\n<\/li>\n<li>13:00 horas. Ponencia: &#8220;POL\u00cdTICOS EN 140 CARACTERES&#8221;. Moderador: Ana Ca\u00f1il &#8211; Pilar Portero\n<\/li>\n<li>17:30 horas. Coloquio y Tertulia: &#8220;TECNOLOG\u00cdA, TRASPARENCIA Y PERIODISMO. Del shock del 11-M al horizonte de wikileaks&#8221;<\/li>\n<\/ul>\n<p><strong> 11\/3\/2011<\/strong><\/p>\n<ul>\n<li>09:30 horas. Ponencia: &#8220;\u00bfSALVAR\u00c1 EL IPAD A LOS MEDIOS DE COMUNICACI\u00d3N?&#8221;. Moderador: Albert Cuesta<\/li>\n<\/ul>\n","protected":false},"excerpt":{"rendered":"<p>M\u00e1s de 400 personas participan jueves y viernes en el XXII Congreso de Periodismo Digital de Huesca. Redes sociales, Internet, Wikileaks, pol\u00edticos, el Ipad o la crisis econ\u00f3mica ser\u00e1n algunos de los asuntos en este foro. Garc\u00eda Mongay resalta la presencia de las redes sociales en los contenidos de la duod\u00e9cima edici\u00f3n. Adem\u00e1s, en un [&hellip;]<\/p>\n","protected":false},"author":7,"featured_media":0,"comment_status":"open","ping_status":"closed","sticky":false,"template":"","format":"standard","meta":[],"categories":[9],"tags":[244,247,354,387,423,483],"_links":{"self":[{"href":"https:\/\/blogs.diariosur.es\/soyfriki\/wp-json\/wp\/v2\/posts\/252"}],"collection":[{"href":"https:\/\/blogs.diariosur.es\/soyfriki\/wp-json\/wp\/v2\/posts"}],"about":[{"href":"https:\/\/blogs.diariosur.es\/soyfriki\/wp-json\/wp\/v2\/types\/post"}],"author":[{"embeddable":true,"href":"https:\/\/blogs.diariosur.es\/soyfriki\/wp-json\/wp\/v2\/users\/7"}],"replies":[{"embeddable":true,"href":"https:\/\/blogs.diariosur.es\/soyfriki\/wp-json\/wp\/v2\/comments?post=252"}],"version-history":[{"count":0,"href":"https:\/\/blogs.diariosur.es\/soyfriki\/wp-json\/wp\/v2\/posts\/252\/revisions"}],"wp:attachment":[{"href":"https:\/\/blogs.diariosur.es\/soyfriki\/wp-json\/wp\/v2\/media?parent=252"}],"wp:term":[{"taxonomy":"category","embeddable":true,"href":"https:\/\/blogs.diariosur.es\/soyfriki\/wp-json\/wp\/v2\/categories?post=252"},{"taxonomy":"post_tag","embeddable":true,"href":"https:\/\/blogs.diariosur.es\/soyfriki\/wp-json\/wp\/v2\/tags?post=252"}],"curies":[{"name":"wp","href":"https:\/\/api.w.org\/{rel}","templated":true}]}}