{"id":254,"date":"2011-03-11T10:35:00","date_gmt":"2011-03-11T10:35:00","guid":{"rendered":"http:\/\/blogs.diariosur.es\/tuenti-facebook\/?p=254"},"modified":"2011-03-11T10:35:00","modified_gmt":"2011-03-11T10:35:00","slug":"google-doodle-con-lazo-negro-las-victimas-del-11-m","status":"publish","type":"post","link":"https:\/\/blogs.diariosur.es\/soyfriki\/2011\/03\/11\/google-doodle-con-lazo-negro-las-victimas-del-11-m\/","title":{"rendered":"Google Doodle con lazo negro por las v\u00edctimas del 11-M ?"},"content":{"rendered":"<p>El buscador de <A href=\"..\/tuenti-facebook\/tags\/google\" title=\"http:\/\/blogs.diariosur.es\/tuenti-facebook\/tags\/google\" id=\"link_0\">Google <\/a>se suma a los homenajes por las v\u00edctimas del <strong>atentado del 11 de marzo de 2004<\/strong>. Por ello, ha colocado en la parte inferior de su p\u00e1gina principal del buscador un <strong>cresp\u00f3n negro<\/strong> en memoria de los ciudadanos que perdieron la vida en la estaci\u00f3n de <strong>Atocha de Madrid<\/strong>.<\/p>\n<p><IMG src=\"\/soyfriki\/wp-content\/uploads\/sites\/14\" id=\"img_0\" class=\"imgcen\">No se trata del t\u00edpico &#8216;<A href=\"..\/tuenti-facebook\/tags\/doodle\" title=\"http:\/\/blogs.diariosur.es\/tuenti-facebook\/tags\/doodle\" id=\"link_1\">doodle<\/a>&#8216; al que la compa\u00f1\u00eda tiene acostumbrados a los usuarios cuando quiere recordar alg\u00fan hecho o suceso importante en la Historia, simplemente se trata de un peque\u00f1o homenaje en recuerdo de las personas que sufrieron la <strong>masacre del 11 de marzo<\/strong>. <\/p>\n<p>Este s\u00edmbolo solo est\u00e1 visible en la p\u00e1gina de <A href=\"..\/tuenti-facebook\/tags\/google\" title=\"http:\/\/blogs.diariosur.es\/tuenti-facebook\/tags\/google\" id=\"link_2\">Google <\/a> en <strong>Espa\u00f1a<\/strong>. Al pasar el rat\u00f3n por encima del cresp\u00f3n colocado en la parte inferior de la p\u00e1gina se puede leer la frase <em>&#8216;En memoria de las v\u00edctimas del 11-M&#8217;<\/em>.<\/p>\n<p>La compa\u00f1\u00eda se suma con este peque\u00f1o s\u00edmbolo a los diferentes actos que se producir\u00e1n a lo largo del d\u00eda en memoria de las v\u00edctimas. De hecho, hoy todo <A href=\"..\/tuenti-facebook\/tags\/twitter\" title=\"http:\/\/blogs.diariosur.es\/tuenti-facebook\/tags\/twitter\" id=\"link_4\">Twitter <\/a> se solidariza con el <strong>#11m<\/strong> y los twitteros recuerdan mediante este <A href=\"blogs.diariosur.es\/-que-le-compro-\/tags\/hastag\" title=\"blogs.diariosur.es\/-que-le-compro-\/tags\/hastag\" id=\"link_5\">hastag<\/a>  lo que sucedi\u00f3 aquel <strong>11 de marzo<\/strong>.<\/p>\n","protected":false},"excerpt":{"rendered":"<p>El buscador de Google se suma a los homenajes por las v\u00edctimas del atentado del 11 de marzo de 2004. Por ello, ha colocado en la parte inferior de su p\u00e1gina principal del buscador un cresp\u00f3n negro en memoria de los ciudadanos que perdieron la vida en la estaci\u00f3n de Atocha de Madrid. No se [&hellip;]<\/p>\n","protected":false},"author":7,"featured_media":0,"comment_status":"open","ping_status":"closed","sticky":false,"template":"","format":"standard","meta":[],"categories":[9],"tags":[135,202,221,483],"_links":{"self":[{"href":"https:\/\/blogs.diariosur.es\/soyfriki\/wp-json\/wp\/v2\/posts\/254"}],"collection":[{"href":"https:\/\/blogs.diariosur.es\/soyfriki\/wp-json\/wp\/v2\/posts"}],"about":[{"href":"https:\/\/blogs.diariosur.es\/soyfriki\/wp-json\/wp\/v2\/types\/post"}],"author":[{"embeddable":true,"href":"https:\/\/blogs.diariosur.es\/soyfriki\/wp-json\/wp\/v2\/users\/7"}],"replies":[{"embeddable":true,"href":"https:\/\/blogs.diariosur.es\/soyfriki\/wp-json\/wp\/v2\/comments?post=254"}],"version-history":[{"count":0,"href":"https:\/\/blogs.diariosur.es\/soyfriki\/wp-json\/wp\/v2\/posts\/254\/revisions"}],"wp:attachment":[{"href":"https:\/\/blogs.diariosur.es\/soyfriki\/wp-json\/wp\/v2\/media?parent=254"}],"wp:term":[{"taxonomy":"category","embeddable":true,"href":"https:\/\/blogs.diariosur.es\/soyfriki\/wp-json\/wp\/v2\/categories?post=254"},{"taxonomy":"post_tag","embeddable":true,"href":"https:\/\/blogs.diariosur.es\/soyfriki\/wp-json\/wp\/v2\/tags?post=254"}],"curies":[{"name":"wp","href":"https:\/\/api.w.org\/{rel}","templated":true}]}}