{"id":258,"date":"2011-03-15T13:18:00","date_gmt":"2011-03-15T13:18:00","guid":{"rendered":"http:\/\/blogs.diariosur.es\/tuenti-facebook\/?p=258"},"modified":"2011-03-15T13:18:00","modified_gmt":"2011-03-15T13:18:00","slug":"alerta-nuclear-fukushima-busca-efectos-la-radiacion","status":"publish","type":"post","link":"https:\/\/blogs.diariosur.es\/soyfriki\/2011\/03\/15\/alerta-nuclear-fukushima-busca-efectos-la-radiacion\/","title":{"rendered":"Alerta nuclear en Fukushima &#8211; Busca los efectos de la radiaci\u00f3n en Google"},"content":{"rendered":"<p>Jap\u00f3n afronta la peor crisis de su historiatras el se\u00edsmo y posterior tsunami del pasado viernes. El pa\u00eds se tiene que enfrentar a la destrucci\u00f3n y el caos incrementado por el miedo a un desastre nuclear. El Organismo Internacional de Energ\u00eda At\u00f3mica (OIEA) ha confirmado que ha habido una explosi\u00f3n en el reactor 2 de la planta nuclear Fukushima Diichi y que hay emanaci\u00f3n de radiactividad a la atm\u00f3sfera debido a un incendio en un dep\u00f3sito de combustible gastado en el reactor 4, incendio que ya ha sido extinguido.<\/p>\n<p><IMG src=\"\/tuenti-facebook\/files\/nuclear-google-5.jpg\" id=\"img_0\" class=\"imgcen\" height=\"250\" width=\"588\">Desde que se comenzara a producir las primeras alertas nucleares desde  Fukushima Diichi, las redes sociales est\u00e1n espectantes. Pero sobre todo  es en Google (seg\u00fan los datos de Analitycs en Insights) donde se muestra la preocupaci\u00f3n de la ciudadan\u00eda por un  escape radioactivo y una posterior crisis nuclear mundial.<\/p>\n<p><IMG src=\"\/soyfriki\/wp-content\/uploads\/sites\/14\" id=\"img_0\" class=\"imgcen\">Los t\u00e9rminos de b\u00fasqueda m\u00e1s comunes en Google son radioactividad, radiaci\u00f3n, uranio y energ\u00eda nuclear. Por supuesto, Fukushima.<\/p>\n<p><IMG src=\"\/soyfriki\/wp-content\/uploads\/sites\/14\" id=\"img_0\" class=\"imgcen\"><IMG src=\"\/soyfriki\/wp-content\/uploads\/sites\/14\" id=\"img_0\" class=\"imgcen\">Desde el jueves 10 a primera hora de la ma\u00f1ana, las dos b\u00fasquedas m\u00e1s solicitadas fueron nuclear y radiaci\u00f3n, como demuestran las gr\u00e1ficas. Y, a medida que la tensi\u00f3n se hace mayor, la gr\u00e1fica se dispara hacia arriba.<\/p>\n<p><IMG src=\"\/soyfriki\/wp-content\/uploads\/sites\/14\" id=\"img_0\" class=\"imgcen\">Obviamente, los pa\u00edses que m\u00e1s preocupaci\u00f3n demuestran por esta crisis mundial son los del arco cercano a Jap\u00f3n (donde obviamente las b\u00fasquedas son menores porque no hay conexi\u00f3n en muchas partes del pa\u00eds). EE.UU., Australia&#8230; Est\u00e1n en el top. Como curiosidad, el inter\u00e9s en Espa\u00f1a es medio. Para hac\u00e9rselo mirar.<\/p>\n","protected":false},"excerpt":{"rendered":"<p>Jap\u00f3n afronta la peor crisis de su historiatras el se\u00edsmo y posterior tsunami del pasado viernes. El pa\u00eds se tiene que enfrentar a la destrucci\u00f3n y el caos incrementado por el miedo a un desastre nuclear. El Organismo Internacional de Energ\u00eda At\u00f3mica (OIEA) ha confirmado que ha habido una explosi\u00f3n en el reactor 2 de [&hellip;]<\/p>\n","protected":false},"author":7,"featured_media":0,"comment_status":"open","ping_status":"closed","sticky":false,"template":"","format":"standard","meta":[],"categories":[9],"tags":[39,202,237],"_links":{"self":[{"href":"https:\/\/blogs.diariosur.es\/soyfriki\/wp-json\/wp\/v2\/posts\/258"}],"collection":[{"href":"https:\/\/blogs.diariosur.es\/soyfriki\/wp-json\/wp\/v2\/posts"}],"about":[{"href":"https:\/\/blogs.diariosur.es\/soyfriki\/wp-json\/wp\/v2\/types\/post"}],"author":[{"embeddable":true,"href":"https:\/\/blogs.diariosur.es\/soyfriki\/wp-json\/wp\/v2\/users\/7"}],"replies":[{"embeddable":true,"href":"https:\/\/blogs.diariosur.es\/soyfriki\/wp-json\/wp\/v2\/comments?post=258"}],"version-history":[{"count":0,"href":"https:\/\/blogs.diariosur.es\/soyfriki\/wp-json\/wp\/v2\/posts\/258\/revisions"}],"wp:attachment":[{"href":"https:\/\/blogs.diariosur.es\/soyfriki\/wp-json\/wp\/v2\/media?parent=258"}],"wp:term":[{"taxonomy":"category","embeddable":true,"href":"https:\/\/blogs.diariosur.es\/soyfriki\/wp-json\/wp\/v2\/categories?post=258"},{"taxonomy":"post_tag","embeddable":true,"href":"https:\/\/blogs.diariosur.es\/soyfriki\/wp-json\/wp\/v2\/tags?post=258"}],"curies":[{"name":"wp","href":"https:\/\/api.w.org\/{rel}","templated":true}]}}