{"id":264,"date":"2011-03-25T11:42:00","date_gmt":"2011-03-25T11:42:00","guid":{"rendered":"http:\/\/blogs.diariosur.es\/tuenti-facebook\/?p=264"},"modified":"2011-03-25T11:42:00","modified_gmt":"2011-03-25T11:42:00","slug":"la-copa-del-rey-2011-escrita-comic-sans-despierta-ira-de","status":"publish","type":"post","link":"https:\/\/blogs.diariosur.es\/soyfriki\/2011\/03\/25\/la-copa-del-rey-2011-escrita-comic-sans-despierta-ira-de\/","title":{"rendered":"La Copa del Rey 2011 escrita en Comic Sans despierta la ira de Twitter"},"content":{"rendered":"<p><strong>Comic Sans<\/strong> est\u00e1 de moda. Una de las letras m\u00e1s informales y odiosas para publicistas y creativos se ha convertido en protagonista de la <A href=\"http:\/\/malagacf.diariosur.es\/competiciones\/copa-del-rey\/\" title=\"http:\/\/malagacf.diariosur.es\/competiciones\/copa-del-rey\/\" id=\"link_0\">Copa del Rey<\/a> .<\/p>\n<p><IMG src=\"\/tuenti-facebook\/files\/copa-rey-comic-sans.jpg\" id=\"img_0\" class=\"imgdcha\" height=\"202\" width=\"331\">La <strong>joyer\u00eda Alegre de Madrid <\/strong>ha grabado la <A href=\"http:\/\/malagacf.diariosur.es\/competiciones\/copa-del-rey\/\" title=\"http:\/\/malagacf.diariosur.es\/competiciones\/copa-del-rey\/\" id=\"link_1\">Copa del Rey<\/a>, que se disputa el 20 de abril <strong>entre el Bar\u00e7a y el Madrid<\/strong>, con <strong>Comic Sans<\/strong>. El trofeo sigue teniendo las medidas t\u00edpicas y reglamentarias, pero el caracter elegido para escribir en la Copa no ha sido el m\u00e1s acertado. Su creador, <strong>Vincent Coranne<\/strong>.<\/p>\n<p>Las im\u00e1genes del trofeo que han sido grabadas por Televisi\u00f3n Espa\u00f1ola y han tenido repercusi\u00f3n en <A href=\"..\/tuenti-facebook\/tags\/twitter\" title=\"http:\/\/blogs.diariosur.es\/tuenti-facebook\/tags\/twitter\" id=\"link_3\">Twitter <\/a> con el <A href=\"..\/tuenti-facebook\/tags\/hashtag\" title=\"http:\/\/blogs.diariosur.es\/tuenti-facebook\/tags\/hashtag\" id=\"link_4\">hashtag <\/a> <A href=\"http:\/\/twitter.com\/#%21\/search\/Comic%20Sans\" title=\"http:\/\/twitter.com\/#!\/search\/Comic%20Sans\" id=\"link_2\">#ComicSans<\/a>  ha sido <A href=\"..\/tuenti-facebook\/tags\/topic\" title=\"http:\/\/blogs.diariosur.es\/tuenti-facebook\/tags\/topic\" id=\"link_5\">trending topic<\/a> , como no pod\u00eda ser menos. Sobre todo, porque los tuiteros son gente muy sensible y muy formada en lo que a dise\u00f1o se refiere.<\/p>\n<p>Para m\u00ed, me quedo con estas dos frases:<\/p>\n<ul>\n<li>Anoche tuve una pesadilla. Estaba rodeado de letras <strong>Arial <\/strong>y <strong>Times New Roman<\/strong> y todo iba bien, hasta que de repente todo eran <strong>#ComicSans<\/strong>\n<\/li>\n<li>Cada vez que alguien teclea en <strong>#ComicSans<\/strong> se muere un gatito<\/li>\n<\/ul>\n","protected":false},"excerpt":{"rendered":"<p>Comic Sans est\u00e1 de moda. Una de las letras m\u00e1s informales y odiosas para publicistas y creativos se ha convertido en protagonista de la Copa del Rey . La joyer\u00eda Alegre de Madrid ha grabado la Copa del Rey, que se disputa el 20 de abril entre el Bar\u00e7a y el Madrid, con Comic Sans. [&hellip;]<\/p>\n","protected":false},"author":7,"featured_media":0,"comment_status":"open","ping_status":"closed","sticky":false,"template":"","format":"standard","meta":[],"categories":[9],"tags":[220,459,467,483],"_links":{"self":[{"href":"https:\/\/blogs.diariosur.es\/soyfriki\/wp-json\/wp\/v2\/posts\/264"}],"collection":[{"href":"https:\/\/blogs.diariosur.es\/soyfriki\/wp-json\/wp\/v2\/posts"}],"about":[{"href":"https:\/\/blogs.diariosur.es\/soyfriki\/wp-json\/wp\/v2\/types\/post"}],"author":[{"embeddable":true,"href":"https:\/\/blogs.diariosur.es\/soyfriki\/wp-json\/wp\/v2\/users\/7"}],"replies":[{"embeddable":true,"href":"https:\/\/blogs.diariosur.es\/soyfriki\/wp-json\/wp\/v2\/comments?post=264"}],"version-history":[{"count":0,"href":"https:\/\/blogs.diariosur.es\/soyfriki\/wp-json\/wp\/v2\/posts\/264\/revisions"}],"wp:attachment":[{"href":"https:\/\/blogs.diariosur.es\/soyfriki\/wp-json\/wp\/v2\/media?parent=264"}],"wp:term":[{"taxonomy":"category","embeddable":true,"href":"https:\/\/blogs.diariosur.es\/soyfriki\/wp-json\/wp\/v2\/categories?post=264"},{"taxonomy":"post_tag","embeddable":true,"href":"https:\/\/blogs.diariosur.es\/soyfriki\/wp-json\/wp\/v2\/tags?post=264"}],"curies":[{"name":"wp","href":"https:\/\/api.w.org\/{rel}","templated":true}]}}