{"id":267,"date":"2011-04-01T16:39:00","date_gmt":"2011-04-01T16:39:00","guid":{"rendered":"http:\/\/blogs.diariosur.es\/tuenti-facebook\/?p=267"},"modified":"2011-04-01T16:39:00","modified_gmt":"2011-04-01T16:39:00","slug":"el-peinado-manu-tenorio-twitter-gracias-sergio-ramos","status":"publish","type":"post","link":"https:\/\/blogs.diariosur.es\/soyfriki\/2011\/04\/01\/el-peinado-manu-tenorio-twitter-gracias-sergio-ramos\/","title":{"rendered":"El peinado de Manu Tenorio, en Twitter. \u00a1Gracias Sergio Ramos!"},"content":{"rendered":"<p><IMG src=\"\/tuenti-facebook\/files\/peinado-manu-tenorio-twitte.jpg\" id=\"img_0\" class=\"imgdcha\" height=\"574\" width=\"348\">Como dec\u00eda uno esta ma\u00f1ana en <A href=\"..\/tuenti-facebook\/tags\/twitter\" title=\"http:\/\/blogs.diariosur.es\/tuenti-facebook\/tags\/twitter\" id=\"link_0\">Twitter<\/a>, qu\u00e9 le gusta a los <A href=\"..\/tuenti-facebook\/tags\/twitter\" title=\"http:\/\/blogs.diariosur.es\/tuenti-facebook\/tags\/twitter\" id=\"link_1\">twitteros<\/a>  ensa\u00f1arse con los artistas wannabes. Y esta vez le ha pasado a <strong>Manu Tenorio<\/strong>. A\u00f1os en el cementerio de los triunfitos y de repente se convierte en <A href=\"..\/tuenti-facebook\/tags\/topic\" title=\"http:\/\/blogs.diariosur.es\/tuenti-facebook\/tags\/topic\" id=\"link_2\">Trending Topic<\/a>. Todo porque <strong>Sergio Ramos<\/strong>, el del <strong>Real Madrid<\/strong>, ha colgado en su perfil una <strong>foto <\/strong>en la que el artista aparece con un sonado <strong>cambio de peinado<\/strong>, rollo alisado japon\u00e9s, acompa\u00f1ado por <strong>Dani Mart\u00edn<\/strong>, ex <strong>El Canto Del Loco<\/strong>, en una fiesta en la <strong>discoteca Oui de Madrid<\/strong>.<\/p>\n<p><strong>Manu Tenorio<\/strong> dej\u00f3 a todos los presentes con la boca abierta de par en par al aparecer embutido en unos pitillo rojos ajustados -hola soy tu regla-, camiseta de pico y una chaqueta ajustada. Un cuadro. Con n<strong>uevo corte de pelo<\/strong>, adem\u00e1s. Esto no tard\u00f3 en revolucionar <A href=\"..\/tuenti-facebook\/tags\/twitter\" title=\"http:\/\/blogs.diariosur.es\/tuenti-facebook\/tags\/twitter\" id=\"link_3\">Twitter<\/a>, y se ha creado el <A href=\"..\/tuenti-facebook\/tags\/hashtag\" title=\"http:\/\/blogs.diariosur.es\/tuenti-facebook\/tags\/hashtag\" id=\"link_4\">hashtag  <\/a><strong>#manutenoriofacts<\/strong>. Que ustedes lo disfruten.  <\/p>\n","protected":false},"excerpt":{"rendered":"<p>Como dec\u00eda uno esta ma\u00f1ana en Twitter, qu\u00e9 le gusta a los twitteros ensa\u00f1arse con los artistas wannabes. Y esta vez le ha pasado a Manu Tenorio. A\u00f1os en el cementerio de los triunfitos y de repente se convierte en Trending Topic. Todo porque Sergio Ramos, el del Real Madrid, ha colgado en su perfil [&hellip;]<\/p>\n","protected":false},"author":7,"featured_media":0,"comment_status":"open","ping_status":"closed","sticky":false,"template":"","format":"standard","meta":[],"categories":[9],"tags":[220,459,467,483],"_links":{"self":[{"href":"https:\/\/blogs.diariosur.es\/soyfriki\/wp-json\/wp\/v2\/posts\/267"}],"collection":[{"href":"https:\/\/blogs.diariosur.es\/soyfriki\/wp-json\/wp\/v2\/posts"}],"about":[{"href":"https:\/\/blogs.diariosur.es\/soyfriki\/wp-json\/wp\/v2\/types\/post"}],"author":[{"embeddable":true,"href":"https:\/\/blogs.diariosur.es\/soyfriki\/wp-json\/wp\/v2\/users\/7"}],"replies":[{"embeddable":true,"href":"https:\/\/blogs.diariosur.es\/soyfriki\/wp-json\/wp\/v2\/comments?post=267"}],"version-history":[{"count":0,"href":"https:\/\/blogs.diariosur.es\/soyfriki\/wp-json\/wp\/v2\/posts\/267\/revisions"}],"wp:attachment":[{"href":"https:\/\/blogs.diariosur.es\/soyfriki\/wp-json\/wp\/v2\/media?parent=267"}],"wp:term":[{"taxonomy":"category","embeddable":true,"href":"https:\/\/blogs.diariosur.es\/soyfriki\/wp-json\/wp\/v2\/categories?post=267"},{"taxonomy":"post_tag","embeddable":true,"href":"https:\/\/blogs.diariosur.es\/soyfriki\/wp-json\/wp\/v2\/tags?post=267"}],"curies":[{"name":"wp","href":"https:\/\/api.w.org\/{rel}","templated":true}]}}