{"id":268,"date":"2011-04-02T16:13:00","date_gmt":"2011-04-02T16:13:00","guid":{"rendered":"http:\/\/blogs.diariosur.es\/tuenti-facebook\/?p=268"},"modified":"2011-04-02T16:13:00","modified_gmt":"2011-04-02T16:13:00","slug":"las-fotos-mario-casas-y-culebra-ponen-alfombra-roja-del","status":"publish","type":"post","link":"https:\/\/blogs.diariosur.es\/soyfriki\/2011\/04\/02\/las-fotos-mario-casas-y-culebra-ponen-alfombra-roja-del\/","title":{"rendered":"Las fotos de Mario Casas y el Culebra ponen la alfombra roja del festival de Cine de M\u00e1laga 2011 en el TT"},"content":{"rendered":"<div>Los actores <strong>Hugo Silva<\/strong>, <strong>Mario Casas<\/strong> y <strong>Luis Fern\u00e1ndez<\/strong> han sido con <strong>sus fotos<\/strong> los reclamos de <strong>la alfombra roja de este Festival M\u00e1laga-Cine Espa\u00f1ol<\/strong>.<\/div>\n<div><IMG src=\"\/soyfriki\/wp-content\/uploads\/sites\/14\" id=\"img_0\" class=\"imgcen\"><\/div>\n<div>As\u00ed, de forma indirecta, la alfombra roja de M\u00e1laga se convert\u00eda esta semana en <A href=\"http:\/\/blogs.diariosur.es\/tuenti-facebook\/tags\/topic\" title=\"http:\/\/blogs.diariosur.es\/tuenti-facebook\/tags\/topic\" id=\"link_4\">Trending Topic<\/a> de <A href=\"http:\/\/blogs.diariosur.es\/tuenti-facebook\/tags\/twitter\" title=\"http:\/\/blogs.diariosur.es\/tuenti-facebook\/tags\/twitter\" id=\"link_2\">Twitter <\/a> al menos por dos d\u00edas. Y es que <strong>Mario Casas con sus compa\u00f1eros de El Barco<\/strong> se convert\u00eda en <A href=\"http:\/\/blogs.diariosur.es\/tuenti-facebook\/tags\/topic\" title=\"http:\/\/blogs.diariosur.es\/tuenti-facebook\/tags\/topic\" id=\"link_3\">lo m\u00e1s tuiteado.<\/a> Las fans ansiaban conocer cada uno de sus movimientos en <strong>M\u00e1laga<\/strong>.<\/div>\n<div><IMG src=\"\/soyfriki\/wp-content\/uploads\/sites\/14\" id=\"img_1\" class=\"imgcen\"><\/div>\n<div>Tampoco se libr\u00f3 <strong>Hugo Silva<\/strong>, festivalero por excelencia, que por sus <strong>arrumacos <\/strong>a su <strong>compa\u00f1era en Lo Contrario al Amor<\/strong>, <strong>Adriana Ugarte<\/strong> se convert\u00eda en la gran incognita tuitera: &#8220;<strong>\u00bfEst\u00e1n Hugo Silva y Adriana Ugarte juntos?&#8221;<\/strong>.<\/div>\n<div><IMG src=\"\/soyfriki\/wp-content\/uploads\/sites\/14\" id=\"img_5\" class=\"imgcen\"><\/div>\n<div>Pero la gran sorpresa, para mi, de la alfombra roja de este <strong>Festival de Cine<\/strong>, han sido <strong>Sandra y el Culebra<\/strong>, que son los<strong><strong> protagonistas de Los Protegido<\/strong>s<\/strong>.<\/div>\n<div><IMG src=\"\/soyfriki\/wp-content\/uploads\/sites\/14\" id=\"img_6\" class=\"imgcen\"><\/div>\n<div><strong>El Culebra <\/strong>se convert\u00eda en <A href=\"http:\/\/blogs.diariosur.es\/tuenti-facebook\/tags\/topic\" title=\"http:\/\/blogs.diariosur.es\/tuenti-facebook\/tags\/topic\" id=\"link_5\">Trending Topic<\/a> nada m\u00e1s pisar <strong>la alfombra roja de este Festival de Cine Espa\u00f1ol de M\u00e1laga<\/strong>. <strong>Ana Fernandez, Luis Fern\u00e1ndez y Maxi Iglesias<\/strong>, entre otros, han acaparado la atenci\u00f3n de las <strong>fans<\/strong>.<\/div>\n<div><IMG src=\"\/soyfriki\/wp-content\/uploads\/sites\/14\" id=\"img_0\" class=\"imgcen\"><\/div>\n<div>Algunos han sido <A href=\"http:\/\/blogs.diariosur.es\/tuenti-facebook\/tags\/twitter\" title=\"http:\/\/blogs.diariosur.es\/tuenti-facebook\/tags\/twitter\" id=\"link_6\">m\u00e1s retuiteados<\/a> y otros menos, pero todos con su <strong>fama <\/strong>han contribuido a mover <strong><strong>las fotos de la<\/strong> alfombra roja del Festival de Cine de M\u00e1laga<\/strong> en la red social: <strong>Fernando Tejero, Javier C\u00e1mara, Gonzalo de Castro Edurne, Hugo Silva, Adriana Ugarte, Mar\u00eda Castro, Mario Casas, Clara Alonso, Alejandro Albarrac\u00edn, Blanca Su\u00e1rez, Paco Le\u00f3n, Irene Montal\u00e1, Mariano Pe\u00f1a, Ana Turpin, Macarena G\u00f3mez, Berta Collado, Juan Pablo Schuk, Javier Hern\u00e1ndez, Cristina Brondo, Guadalupe Lancho, Juli\u00e1n Villagr\u00e1n, Giselle Calder\u00f3n, Leandro Rivera, David Amor, David Castillo, Nacho L\u00f3pez, Juan Garc\u00eda, \u00darsula Corbero, Israel Rodr\u00edguez, Ernesto Alterio, Manuela Velasco, Laura Pamplona, Carlos Bardem, Ana Polvorosa, Alex Barahona, Bernab\u00e9 Fern\u00e1ndez, \u00d3scar Reyes, Nausicaa Bonnin, Vanesa Romero, Juli\u00e1n L\u00f3pez, Manu Fullola, Miguel \u00c1ngel Mu\u00f1oz, Miguel \u00c1ngel Silvestre, Alex Hern\u00e1ndez, Ram\u00f3n Pujol, Eva Mart\u00edn, Sara Casasnovas, Alejandro Tous, Santiago Segura, Ana Fern\u00e1ndez o Flipy<\/strong>.<\/div>\n<div><IMG src=\"\/soyfriki\/wp-content\/uploads\/sites\/14\" id=\"img_1\" class=\"imgcen\"><\/div>\n<div><A href=\"http:\/\/www.diariosur.es\/local\/festival-malaga\" title=\"http:\/\/www.diariosur.es\/local\/festival-malaga\" id=\"link_0\">Noticias sobre el Festival de M\u00e1laga-Cine Espa\u00f1ol 2011<\/a>\n<\/div>\n<div><A href=\"http:\/\/www.diariosur.es\/hemeroteca\/index.php?action=newSearch&#038;format=galeria&#038;query=festival+malaga&#038;sortby=-docdatetime\" title=\"http:\/\/www.diariosur.es\/hemeroteca\/index.php?action=newSearch&#038;format=galeria&#038;query=festival+malaga&#038;sortby=-docdatetime\" id=\"link_1\">Fotos de la alfombra roja del Festival de M\u00e1laga-Cine Espa\u00f1ol 2011<\/a>\n<\/div>\n","protected":false},"excerpt":{"rendered":"<p>Los actores Hugo Silva, Mario Casas y Luis Fern\u00e1ndez han sido con sus fotos los reclamos de la alfombra roja de este Festival M\u00e1laga-Cine Espa\u00f1ol. As\u00ed, de forma indirecta, la alfombra roja de M\u00e1laga se convert\u00eda esta semana en Trending Topic de Twitter al menos por dos d\u00edas. Y es que Mario Casas con sus [&hellip;]<\/p>\n","protected":false},"author":7,"featured_media":0,"comment_status":"open","ping_status":"closed","sticky":false,"template":"","format":"standard","meta":[],"categories":[9],"tags":[220,459,466,483],"_links":{"self":[{"href":"https:\/\/blogs.diariosur.es\/soyfriki\/wp-json\/wp\/v2\/posts\/268"}],"collection":[{"href":"https:\/\/blogs.diariosur.es\/soyfriki\/wp-json\/wp\/v2\/posts"}],"about":[{"href":"https:\/\/blogs.diariosur.es\/soyfriki\/wp-json\/wp\/v2\/types\/post"}],"author":[{"embeddable":true,"href":"https:\/\/blogs.diariosur.es\/soyfriki\/wp-json\/wp\/v2\/users\/7"}],"replies":[{"embeddable":true,"href":"https:\/\/blogs.diariosur.es\/soyfriki\/wp-json\/wp\/v2\/comments?post=268"}],"version-history":[{"count":0,"href":"https:\/\/blogs.diariosur.es\/soyfriki\/wp-json\/wp\/v2\/posts\/268\/revisions"}],"wp:attachment":[{"href":"https:\/\/blogs.diariosur.es\/soyfriki\/wp-json\/wp\/v2\/media?parent=268"}],"wp:term":[{"taxonomy":"category","embeddable":true,"href":"https:\/\/blogs.diariosur.es\/soyfriki\/wp-json\/wp\/v2\/categories?post=268"},{"taxonomy":"post_tag","embeddable":true,"href":"https:\/\/blogs.diariosur.es\/soyfriki\/wp-json\/wp\/v2\/tags?post=268"}],"curies":[{"name":"wp","href":"https:\/\/api.w.org\/{rel}","templated":true}]}}