{"id":269,"date":"2011-04-02T19:40:00","date_gmt":"2011-04-02T19:40:00","guid":{"rendered":"http:\/\/blogs.diariosur.es\/tuenti-facebook\/?p=269"},"modified":"2011-04-02T19:40:00","modified_gmt":"2011-04-02T19:40:00","slug":"the-monday-reading-club-malaga-4-abril","status":"publish","type":"post","link":"https:\/\/blogs.diariosur.es\/soyfriki\/2011\/04\/02\/the-monday-reading-club-malaga-4-abril\/","title":{"rendered":"The Monday Reading Club M\u00e1laga, 4 de abril"},"content":{"rendered":"\n<div class=\"p\">Este lunes 4 de abril de 2011 a las 19:00 en el <span class=\"span\" id=\"U113984437643QSE\" style=\"font-weight: bold;\">Colegio de Veterinarios<\/span> es la cita mensual en M\u00e1laga con <span class=\"span\" id=\"U113984437643nP\" style=\"font-weight: bold;\">The Monday Reading Club<\/span>, un club de lectura y debate sobre <span class=\"span\" id=\"U113984437643NMI\" style=\"font-weight: bold;\">Marketing Online<\/span>.<br \/>\n<IMG src=\"\/tuenti-facebook\/files\/monday-reading-blog.jpg\" id=\"img_0\" class=\"imgcen\">El libro sobre el que se va a debatir es <span class=\"span\" id=\"U113984437643wYC\" style=\"font-weight: bold;\">&#8216;Sentido Socia<span class=\"span\" id=\"U1139844376436IH\" style=\"font-weight: bold;\">l<\/span><\/span><span class=\"span\" id=\"U113984437643qTB\" style=\"font-weight: bold;\">&#8216;<\/span> de Javier Curtichs, Mauro Fuentes, Yolanda Garc\u00eda y Antonio Toca. La invitada y dinamizadora ser\u00e1 <span class=\"span\" id=\"U113984437643VqF\" style=\"font-weight: bold;\">Victoria Rodr\u00edguez <\/span>que hablar\u00e1 de la comunicaci\u00f3n y el sentido com\u00fan en la era de la Internet social. Herramientas de <span class=\"span\" id=\"U113984437643gHG\" style=\"font-weight: bold;\">Social Media<\/span>, la estrategia de contenido, reputaci\u00f3n onine y de tendencias y futuro.<\/p>\n<p><A class=\"a\" href=\"http:\/\/www.amiando.com\/tmrc_malaga_Abril_2011.html\" target=\"_blank\">>>> Ap\u00fantate a esta convocatoria desde aqu\u00ed <<<<\/a><\/p>\n<div class=\"pbox\">\n<div class=\"link-app2\" id=\"lead-apoyos\">\n<div class=\"related-link clearfix\" id=\"U113984437643w0H\" style=\"font-weight: bold;\">TMRC M\u00c1LAGA en ABRIL <\/div>\n<ul>\n<li>Libro: &#8216;Sentido Social&#8217; de Javier Curtichs<\/li>\n<li>Ponente: Victoria Rodr\u00edguez <\/li>\n<li>Cu\u00e1ndo: 4 de abril, 19.00 horas<\/li>\n<li>Lugar: Colegio de Veterinarios de M\u00e1laga<\/li>\n<li>Para saber m\u00e1s: <A href=\"https:\/\/twitter.com\/#%21\/tmrc_mlg\" target=\"_blank\">Twitter <\/a>\/ <A href=\"http:\/\/themondayreadingclub.com\/\" target=\"_blank\">Blog <\/a> <\/li>\n<\/ul><\/div>\n<\/p><\/div>\n<\/div>\n","protected":false},"excerpt":{"rendered":"<p>Este lunes 4 de abril de 2011 a las 19:00 en el Colegio de Veterinarios es la cita mensual en M\u00e1laga con The Monday Reading Club, un club de lectura y debate sobre Marketing Online. El libro sobre el que se va a debatir es &#8216;Sentido Social&#8216; de Javier Curtichs, Mauro Fuentes, Yolanda Garc\u00eda y [&hellip;]<\/p>\n","protected":false},"author":7,"featured_media":0,"comment_status":"open","ping_status":"closed","sticky":false,"template":"","format":"standard","meta":[],"categories":[9],"tags":[],"_links":{"self":[{"href":"https:\/\/blogs.diariosur.es\/soyfriki\/wp-json\/wp\/v2\/posts\/269"}],"collection":[{"href":"https:\/\/blogs.diariosur.es\/soyfriki\/wp-json\/wp\/v2\/posts"}],"about":[{"href":"https:\/\/blogs.diariosur.es\/soyfriki\/wp-json\/wp\/v2\/types\/post"}],"author":[{"embeddable":true,"href":"https:\/\/blogs.diariosur.es\/soyfriki\/wp-json\/wp\/v2\/users\/7"}],"replies":[{"embeddable":true,"href":"https:\/\/blogs.diariosur.es\/soyfriki\/wp-json\/wp\/v2\/comments?post=269"}],"version-history":[{"count":0,"href":"https:\/\/blogs.diariosur.es\/soyfriki\/wp-json\/wp\/v2\/posts\/269\/revisions"}],"wp:attachment":[{"href":"https:\/\/blogs.diariosur.es\/soyfriki\/wp-json\/wp\/v2\/media?parent=269"}],"wp:term":[{"taxonomy":"category","embeddable":true,"href":"https:\/\/blogs.diariosur.es\/soyfriki\/wp-json\/wp\/v2\/categories?post=269"},{"taxonomy":"post_tag","embeddable":true,"href":"https:\/\/blogs.diariosur.es\/soyfriki\/wp-json\/wp\/v2\/tags?post=269"}],"curies":[{"name":"wp","href":"https:\/\/api.w.org\/{rel}","templated":true}]}}