{"id":272,"date":"2011-04-07T13:03:00","date_gmt":"2011-04-07T13:03:00","guid":{"rendered":"http:\/\/blogs.diariosur.es\/tuenti-facebook\/?p=272"},"modified":"2011-04-07T13:03:00","modified_gmt":"2011-04-07T13:03:00","slug":"salvador-sostres-tema-del-dia-twitter-un-articulo-el","status":"publish","type":"post","link":"https:\/\/blogs.diariosur.es\/soyfriki\/2011\/04\/07\/salvador-sostres-tema-del-dia-twitter-un-articulo-el\/","title":{"rendered":"Salvador Sostres tema del d\u00eda en Twitter por un art\u00edculo en El Mundo"},"content":{"rendered":"<p><IMG src=\"\/soyfriki\/wp-content\/uploads\/sites\/14\" id=\"img_0\" class=\"imgdcha\"><\/p>\n<div>El director de <strong>El Mundo<\/strong>, <strong>Pedro J. Ram\u00edrez<\/strong>, ha tenido que pedir perd\u00f3n en <strong>Twitter <\/strong>por el art\u00edculo que <A href=\"http:\/\/www.elmundo.es\/blogs\/elmundo\/guantanamo\/\" title=\"http:\/\/www.elmundo.es\/blogs\/elmundo\/guantanamo\/\" id=\"link_0\">Salvador Sostres<\/a>  public\u00f3 ayer en <strong>El Mundo<\/strong> y <strong>elmundo.es<\/strong>. El pol\u00e9mico art\u00edculo se refer\u00eda <A href=\"http:\/\/www.diariosur.es\/videos\/actualidad\/espana\/888584914001-joven-mata-pareja-embarazada-ensena-cadavez-webcam.html\" title=\"http:\/\/www.diariosur.es\/videos\/actualidad\/espana\/888584914001-joven-mata-pareja-embarazada-ensena-cadavez-webcam.html\" id=\"link_2\">al asesinato de una joven rumana embarazada<\/a>  de 19 a\u00f1os cometido presuntamente por su pareja sentimental, que al enterarse que el hijo que la chica esperaba no era suyo, la asesin\u00f3 y mostr\u00f3 su cad\u00e1ver en la <A href=\"http:\/\/webcam.diariosur.es\/\" title=\"http:\/\/webcam.diariosur.es\/\" id=\"link_1\">webcam<\/a> . <\/div>\n<div>\n<\/div>\n<div>El art\u00edculo -ya retirado del <A href=\"http:\/\/blogs.diariosur.es\/tuenti-facebook\/\" title=\"http:\/\/blogs.diariosur.es\/tuenti-facebook\/\" id=\"link_3\">blog<\/a>&#8211; ha generado una cadena de comentarios en <A href=\"http:\/\/blogs.diariosur.es\/tuenti-facebook\/tags\/twitter\" title=\"http:\/\/blogs.diariosur.es\/tuenti-facebook\/tags\/twitter\" id=\"link_4\">Twitter <\/a> que han colocado a <strong>Sostres <\/strong>en el candelero, como <A href=\"http:\/\/blogs.diariosur.es\/tuenti-facebook\/tags\/topic\" title=\"http:\/\/blogs.diariosur.es\/tuenti-facebook\/tags\/topic\" id=\"link_5\">Trend Topic<\/a> del d\u00eda bajo calificativos de &#8216;<strong>nazi asqueroso&#8217;<\/strong> o &#8216;<strong>monstruo&#8217;<\/strong>. Aqu\u00ed hay unas l\u00edneas del texto.<\/div>\n<div>\n<\/div>\n<div>\n<blockquote><p>&#8220;Ni puedo justificar ni justifico un asesinato, ni cualquier forma de maltrato tenga consecuencias m\u00e1s leves o m\u00e1s graves (&#8230;). Digo que a este chico les est\u00e1n presentando como un monstruo y no es verdad. No es un monstruo. Es un chico normal que se rompi\u00f3 por donde todos podr\u00edamos rompernos (&#8230;). No es un monstruo: es un chico normal sometido a la presi\u00f3n de una violencia infinita, una violencia que no por no ser f\u00edsica es menos violenta (&#8230;). Quiero pensar que no tendr\u00eda su reacci\u00f3n, como tambi\u00e9n lo quieres pensar t\u00fa. Pero \u00bfpodr\u00edamos realmente asegurarlo? Cuando todo nuestro mundo se desmorona de repente, cuando se vuelve fr\u00e1gil y tan vertiginosa la l\u00ednea entre el ser y el no ser, \u00bfpuedes estar seguro de que conservar\u00edas tu serenidad, tu aplomo?, \u00bfpuedes estar seguro de que ser\u00edas en todo momento plenamente consciente de lo que hicieras?&#8221;.<\/p><\/blockquote>\n<\/div>\n","protected":false},"excerpt":{"rendered":"<p>El director de El Mundo, Pedro J. Ram\u00edrez, ha tenido que pedir perd\u00f3n en Twitter por el art\u00edculo que Salvador Sostres public\u00f3 ayer en El Mundo y elmundo.es. El pol\u00e9mico art\u00edculo se refer\u00eda al asesinato de una joven rumana embarazada de 19 a\u00f1os cometido presuntamente por su pareja sentimental, que al enterarse que el hijo [&hellip;]<\/p>\n","protected":false},"author":7,"featured_media":0,"comment_status":"open","ping_status":"closed","sticky":false,"template":"","format":"standard","meta":[],"categories":[9],"tags":[459,466,483],"_links":{"self":[{"href":"https:\/\/blogs.diariosur.es\/soyfriki\/wp-json\/wp\/v2\/posts\/272"}],"collection":[{"href":"https:\/\/blogs.diariosur.es\/soyfriki\/wp-json\/wp\/v2\/posts"}],"about":[{"href":"https:\/\/blogs.diariosur.es\/soyfriki\/wp-json\/wp\/v2\/types\/post"}],"author":[{"embeddable":true,"href":"https:\/\/blogs.diariosur.es\/soyfriki\/wp-json\/wp\/v2\/users\/7"}],"replies":[{"embeddable":true,"href":"https:\/\/blogs.diariosur.es\/soyfriki\/wp-json\/wp\/v2\/comments?post=272"}],"version-history":[{"count":0,"href":"https:\/\/blogs.diariosur.es\/soyfriki\/wp-json\/wp\/v2\/posts\/272\/revisions"}],"wp:attachment":[{"href":"https:\/\/blogs.diariosur.es\/soyfriki\/wp-json\/wp\/v2\/media?parent=272"}],"wp:term":[{"taxonomy":"category","embeddable":true,"href":"https:\/\/blogs.diariosur.es\/soyfriki\/wp-json\/wp\/v2\/categories?post=272"},{"taxonomy":"post_tag","embeddable":true,"href":"https:\/\/blogs.diariosur.es\/soyfriki\/wp-json\/wp\/v2\/tags?post=272"}],"curies":[{"name":"wp","href":"https:\/\/api.w.org\/{rel}","templated":true}]}}