{"id":278,"date":"2011-04-11T14:05:00","date_gmt":"2011-04-11T14:05:00","guid":{"rendered":"http:\/\/blogs.diariosur.es\/tuenti-facebook\/?p=278"},"modified":"2011-04-11T14:05:00","modified_gmt":"2011-04-11T14:05:00","slug":"entrevista-buenafuente-gonzalez-sinde-la-sexta","status":"publish","type":"post","link":"https:\/\/blogs.diariosur.es\/soyfriki\/2011\/04\/11\/entrevista-buenafuente-gonzalez-sinde-la-sexta\/","title":{"rendered":"Entrevista de Buenafuente a Gonz\u00e1lez-Sinde en La Sexta, \u00a1Twitter va a arder!"},"content":{"rendered":"<p><IMG style=\"width: 590px; height: 270px;\" src=\"\/soyfriki\/wp-content\/uploads\/sites\/14\" id=\"img_2\" class=\"imgizqda\"><br \/>\n<strong>Andreu Buenafuente<\/strong>recibe esta noche en su <strong>programa de La Sexta <\/strong>(00.55 horas) a <A href=\"http:\/\/blogs.diariosur.es\/tuenti-facebook\/2011\/2\/14\/la-cara-leire-pajin-los-goya-y-aplauso-sinde-\" title=\"http:\/\/blogs.diariosur.es\/tuenti-facebook\/2011\/2\/14\/la-cara-leire-pajin-los-goya-y-aplauso-sinde-\" id=\"link_2\">\u00c1ngeles Gonz\u00e1lez-Sinde<\/a>, ministra de Cultura y autora de<strong> la ley anti-descargas<\/strong> en <A href=\"http:\/\/blogs.diariosur.es\/tuenti-facebook\/tags\/internet\" title=\"http:\/\/blogs.diariosur.es\/tuenti-facebook\/tags\/internet\" id=\"link_0\">Internet<\/a>. Coinciden en escena despu\u00e9s de la pasada edici\u00f3n de los <A href=\"http:\/\/blogs.diariosur.es\/tuenti-facebook\/2011\/2\/14\/la-cara-leire-pajin-los-goya-y-aplauso-sinde-\" title=\"http:\/\/blogs.diariosur.es\/tuenti-facebook\/2011\/2\/14\/la-cara-leire-pajin-los-goya-y-aplauso-sinde-\" id=\"link_1\">Premios Goya<\/a>.<\/p>\n<div>\n<\/div>\n<div>La ministra socialista se miles de detractores en las redes sociales que ven en la <A href=\"http:\/\/blogs.diariosur.es\/tuenti-facebook\/2011\/2\/14\/la-cara-leire-pajin-los-goya-y-aplauso-sinde-\" title=\"http:\/\/blogs.diariosur.es\/tuenti-facebook\/2011\/2\/14\/la-cara-leire-pajin-los-goya-y-aplauso-sinde-\" id=\"link_3\">ley Sinde<\/a> una forma de censura en <A href=\"http:\/\/blogs.diariosur.es\/tuenti-facebook\/tags\/internet\" title=\"http:\/\/blogs.diariosur.es\/tuenti-facebook\/tags\/internet\" id=\"link_4\">Internet<\/a>. La <strong>entrevista <\/strong>de hoy promete y sobre todo lo bien que nos lo vamos a pasar en <A href=\"http:\/\/blogs.diariosur.es\/tuenti-facebook\/tags\/twitter\" title=\"http:\/\/blogs.diariosur.es\/tuenti-facebook\/tags\/twitter\" id=\"link_5\">Twitter<\/a>. <\/div>\n<div>\n<\/div>\n<div>\u00a1Eso no habr\u00e1 quien nos lo quite!<\/div>\n","protected":false},"excerpt":{"rendered":"<p>Andreu Buenafuenterecibe esta noche en su programa de La Sexta (00.55 horas) a \u00c1ngeles Gonz\u00e1lez-Sinde, ministra de Cultura y autora de la ley anti-descargas en Internet. Coinciden en escena despu\u00e9s de la pasada edici\u00f3n de los Premios Goya. La ministra socialista se miles de detractores en las redes sociales que ven en la ley Sinde [&hellip;]<\/p>\n","protected":false},"author":7,"featured_media":0,"comment_status":"open","ping_status":"closed","sticky":false,"template":"","format":"standard","meta":[],"categories":[9],"tags":[208,244,483],"_links":{"self":[{"href":"https:\/\/blogs.diariosur.es\/soyfriki\/wp-json\/wp\/v2\/posts\/278"}],"collection":[{"href":"https:\/\/blogs.diariosur.es\/soyfriki\/wp-json\/wp\/v2\/posts"}],"about":[{"href":"https:\/\/blogs.diariosur.es\/soyfriki\/wp-json\/wp\/v2\/types\/post"}],"author":[{"embeddable":true,"href":"https:\/\/blogs.diariosur.es\/soyfriki\/wp-json\/wp\/v2\/users\/7"}],"replies":[{"embeddable":true,"href":"https:\/\/blogs.diariosur.es\/soyfriki\/wp-json\/wp\/v2\/comments?post=278"}],"version-history":[{"count":0,"href":"https:\/\/blogs.diariosur.es\/soyfriki\/wp-json\/wp\/v2\/posts\/278\/revisions"}],"wp:attachment":[{"href":"https:\/\/blogs.diariosur.es\/soyfriki\/wp-json\/wp\/v2\/media?parent=278"}],"wp:term":[{"taxonomy":"category","embeddable":true,"href":"https:\/\/blogs.diariosur.es\/soyfriki\/wp-json\/wp\/v2\/categories?post=278"},{"taxonomy":"post_tag","embeddable":true,"href":"https:\/\/blogs.diariosur.es\/soyfriki\/wp-json\/wp\/v2\/tags?post=278"}],"curies":[{"name":"wp","href":"https:\/\/api.w.org\/{rel}","templated":true}]}}