{"id":281,"date":"2011-04-12T01:20:00","date_gmt":"2011-04-12T01:20:00","guid":{"rendered":"http:\/\/blogs.diariosur.es\/tuenti-facebook\/?p=281"},"modified":"2011-04-12T01:20:00","modified_gmt":"2011-04-12T01:20:00","slug":"zapatero-ley-sinde-y-sgae-la-entrevista-gonzalez-sinde","status":"publish","type":"post","link":"https:\/\/blogs.diariosur.es\/soyfriki\/2011\/04\/12\/zapatero-ley-sinde-y-sgae-la-entrevista-gonzalez-sinde\/","title":{"rendered":"Zapatero, Ley Sinde y SGAE en la entrevista de Gonz\u00e1lez-Sinde con Buenafuente + v\u00eddeo en Youtube"},"content":{"rendered":"<p><IMG src=\"\/\/blogs.diariosur.es\/tuenti-facebook\/files\/sinde-buenafuente-sexta.JPG\" id=\"img_0\" class=\"imgizqda\" width=\"581\" height=\"346\"><\/p>\n<p>La ministra de Cultura, <A href=\"..\/tuenti-facebook\/2011\/4\/11\/entrevista-buenafuente-gonzalez-sinde-la-sexta-\" title=\"http:\/\/blogs.diariosur.es\/tuenti-facebook\/2011\/4\/11\/entrevista-buenafuente-gonzalez-sinde-la-sexta-\" id=\"link_1\">\u00c1ngeles Gonz\u00e1lez-Sinde<\/a>  ha concedido su tan esperada  entrevista en el programa de <A href=\"..\/tuenti-facebook\/2011\/4\/11\/entrevista-buenafuente-gonzalez-sinde-la-sexta-\" title=\"http:\/\/blogs.diariosur.es\/tuenti-facebook\/2011\/4\/11\/entrevista-buenafuente-gonzalez-sinde-la-sexta-\" id=\"link_2\">Buenafuente <\/a> en <A href=\"..\/tuenti-facebook\/2011\/4\/11\/entrevista-buenafuente-gonzalez-sinde-la-sexta-\" title=\"http:\/\/blogs.diariosur.es\/tuenti-facebook\/2011\/4\/11\/entrevista-buenafuente-gonzalez-sinde-la-sexta-\" id=\"link_3\">La Sexta<\/a> . La ministra ha hecho un mont\u00f3n de amigos en <A href=\"http:\/\/blogs.diariosur.es\/tuenti-facebook\/2011\/4\/11\/la-entrevista-sinde-buenafuente-pone-emule-sgae-y\" title=\"http:\/\/blogs.diariosur.es\/tuenti-facebook\/2011\/4\/11\/la-entrevista-sinde-buenafuente-pone-emule-sgae-y\" id=\"link_4\">Twitter<\/a> , como hace siempre, y <A href=\"..\/tuenti-facebook\/2011\/4\/11\/entrevista-buenafuente-gonzalez-sinde-la-sexta-\" title=\"http:\/\/blogs.diariosur.es\/tuenti-facebook\/2011\/4\/11\/entrevista-buenafuente-gonzalez-sinde-la-sexta-\" id=\"link_5\">Buenfuente <\/a> no ha querido dejar pasar la ocasi\u00f3n para tocar de cerca todo lo referente a la pol\u00e9mica<A href=\"..\/tuenti-facebook\/2011\/4\/11\/la-entrevista-sinde-buenafuente-pone-emule-sgae-y\" title=\"http:\/\/blogs.diariosur.es\/tuenti-facebook\/2011\/4\/11\/la-entrevista-sinde-buenafuente-pone-emule-sgae-y\" id=\"link_6\"> Ley Sinde<\/a> . Aqu\u00ed os dejo un resumen de<A href=\"..\/tuenti-facebook\/2011\/4\/11\/la-entrevista-sinde-buenafuente-pone-emule-sgae-y\" title=\"http:\/\/blogs.diariosur.es\/tuenti-facebook\/2011\/4\/11\/la-entrevista-sinde-buenafuente-pone-emule-sgae-y\" id=\"link_7\"> las mejores frases de la se\u00f1ora Gonz\u00e1lez-Sinde<\/a> , recogidas por la Agencia EFE:<\/p>\n<p>Sobre la <strong>Ley Sinde<\/strong> &#8211; &#8220;Las leyes van por detr\u00e1s de la realidad. Se est\u00e1 intentando legislar algo totalmente nuevo. Van a cambiar muchas cosas en los pr\u00f3ximos a\u00f1os; cambiar\u00e1 tambi\u00e9n la manera de remunerar a la gente que genera productos culturales&#8221;.<\/p>\n<p>Sobre la <strong>SGAE <\/strong>&#8211; &#8220;Hay que eliminar la econom\u00eda sumergida d\u00f3nde hay quien no percibe nada por proporcionar los productos. El Gobierno debe regularlo o se acabar\u00e1n los productos nuevos&#8221;.<\/p>\n<p>Sobre <strong>Zapatero <\/strong>&#8211; &#8220;Zapatero ha sacado el l\u00e1tigo y te aprieta m\u00e1s las tuercas&#8221;.<\/p>\n<p>Sobre su <strong>cese <\/strong>&#8211; &#8220;Mis hijas se alegraban cuando en el telediario dec\u00eda que a lo mejor me cesaban. Una me ha dicho: mam\u00e1, desap\u00fantante de ministra&#8221;.<\/p>\n<p>Sobre<strong> Gonz\u00e1lez Macho<\/strong> &#8211; &#8220;Es uno de los que m\u00e1s arriesga en este pa\u00eds por el  cine&#8221;.<\/p>\n<p>Por cierto, la visita a Barcelona le ha servido para hacer las paces <A href=\"..\/tuenti-facebook\/2011\/2\/14\/la-cara-leire-pajin-los-goya-y-aplauso-sinde-\" title=\"http:\/\/blogs.diariosur.es\/tuenti-facebook\/2011\/2\/14\/la-cara-leire-pajin-los-goya-y-aplauso-sinde-\" id=\"link_0\">con \u00c1lex de la Iglesia despu\u00e9s de lo de Los Goya<\/a> . O eso parece&#8230; Estoy deseando que cuelguen el<strong> v\u00eddeo \u00edntegro en Youtube<\/strong>.<\/p>\n","protected":false},"excerpt":{"rendered":"<p>La ministra de Cultura, \u00c1ngeles Gonz\u00e1lez-Sinde ha concedido su tan esperada entrevista en el programa de Buenafuente en La Sexta . La ministra ha hecho un mont\u00f3n de amigos en Twitter , como hace siempre, y Buenfuente no ha querido dejar pasar la ocasi\u00f3n para tocar de cerca todo lo referente a la pol\u00e9mica Ley [&hellip;]<\/p>\n","protected":false},"author":7,"featured_media":0,"comment_status":"open","ping_status":"closed","sticky":false,"template":"","format":"standard","meta":[],"categories":[9],"tags":[121,268,410,415,483],"_links":{"self":[{"href":"https:\/\/blogs.diariosur.es\/soyfriki\/wp-json\/wp\/v2\/posts\/281"}],"collection":[{"href":"https:\/\/blogs.diariosur.es\/soyfriki\/wp-json\/wp\/v2\/posts"}],"about":[{"href":"https:\/\/blogs.diariosur.es\/soyfriki\/wp-json\/wp\/v2\/types\/post"}],"author":[{"embeddable":true,"href":"https:\/\/blogs.diariosur.es\/soyfriki\/wp-json\/wp\/v2\/users\/7"}],"replies":[{"embeddable":true,"href":"https:\/\/blogs.diariosur.es\/soyfriki\/wp-json\/wp\/v2\/comments?post=281"}],"version-history":[{"count":0,"href":"https:\/\/blogs.diariosur.es\/soyfriki\/wp-json\/wp\/v2\/posts\/281\/revisions"}],"wp:attachment":[{"href":"https:\/\/blogs.diariosur.es\/soyfriki\/wp-json\/wp\/v2\/media?parent=281"}],"wp:term":[{"taxonomy":"category","embeddable":true,"href":"https:\/\/blogs.diariosur.es\/soyfriki\/wp-json\/wp\/v2\/categories?post=281"},{"taxonomy":"post_tag","embeddable":true,"href":"https:\/\/blogs.diariosur.es\/soyfriki\/wp-json\/wp\/v2\/tags?post=281"}],"curies":[{"name":"wp","href":"https:\/\/api.w.org\/{rel}","templated":true}]}}