{"id":283,"date":"2011-04-12T11:43:00","date_gmt":"2011-04-12T11:43:00","guid":{"rendered":"http:\/\/blogs.diariosur.es\/tuenti-facebook\/?p=283"},"modified":"2011-04-12T11:43:00","modified_gmt":"2011-04-12T11:43:00","slug":"los-ultimos-capitulos-el-barco-mario-casas-mandan-en","status":"publish","type":"post","link":"https:\/\/blogs.diariosur.es\/soyfriki\/2011\/04\/12\/los-ultimos-capitulos-el-barco-mario-casas-mandan-en\/","title":{"rendered":"Los \u00faltimos cap\u00edtulos de El Barco de Mario Casas mandan en Twitter y la parrilla"},"content":{"rendered":"<p><IMG src=\"\/tuenti-facebook\/files\/el-barco-mario-casas-gamboa.jpg\" id=\"img_0\" class=\"imgdcha\" height=\"252\" width=\"200\">La serie de<A href=\"http:\/\/guia-tv.diariosur.es\/\" title=\"http:\/\/guia-tv.diariosur.es\/\" id=\"link_8\"> Antena 3<\/a> <strong> en la que reina <\/strong><A href=\"..\/tuenti-facebook\/2011\/4\/2\/las-fotos-mario-casas-y-culebra-ponen-alfombra-roja-del\" title=\"http:\/\/blogs.diariosur.es\/tuenti-facebook\/2011\/4\/2\/las-fotos-mario-casas-y-culebra-ponen-alfombra-roja-del\" id=\"link_5\">Mario Casas<\/a>  vuelve a liderar una vez m\u00e1s la noche de los lunes, por delante de <A href=\"http:\/\/guia-tv.diariosur.es\/\" title=\"http:\/\/guia-tv.diariosur.es\/\" id=\"link_9\">La Rep\u00fablica<\/a> . Pero <A href=\"..\/tuenti-facebook\/tags\/twitter\" title=\"http:\/\/blogs.diariosur.es\/tuenti-facebook\/tags\/twitter\" id=\"link_4\">Twitter <\/a> es m\u00e1s un reflejo de esa realidad televisiva. <\/p>\n<p><strong>Ainhoa <\/strong>y <strong>Ulises <\/strong>ya est\u00e1n saliendo en un apasionante pen\u00faltimo cap\u00edtulo de la primera temporada de <A href=\"http:\/\/guia-tv.diariosur.es\/\" title=\"http:\/\/guia-tv.diariosur.es\/\" id=\"link_10\">El Barco<\/a> . Cada vez m\u00e1s emocionante. Y <A href=\"http:\/\/twitter.com\/search\/elbarco12\" title=\"http:\/\/twitter.com\/search\/elbarco12\" id=\"link_6\">#elbarco12<\/a>  y <A href=\"http:\/\/twitter.com\/search\/gamboa\" title=\"http:\/\/twitter.com\/search\/gamboa\" id=\"link_7\">#Gamboa<\/a>  se han hecho con el <A href=\"http:\/\/blogs.diariosur.es\/tuenti-facebook\/tags\/topic\" title=\"http:\/\/blogs.diariosur.es\/tuenti-facebook\/tags\/topic\" id=\"link_1\">Trending Topic<\/a>  espa\u00f1ol, con permiso de <A href=\"..\/the-b-side\/2011\/4\/11\/vetusta-morla-presentara-su-disco-mapas-concierto-7-de\" title=\"http:\/\/blogs.diariosur.es\/the-b-side\/2011\/4\/11\/vetusta-morla-presentara-su-disco-mapas-concierto-7-de\" id=\"link_2\">Vetusta Morla<\/a>, que lleva dos d\u00edas en el top con su <A href=\"..\/the-b-side\/2011\/4\/11\/vetusta-morla-presentara-su-disco-mapas-concierto-7-de\" title=\"http:\/\/blogs.diariosur.es\/the-b-side\/2011\/4\/11\/vetusta-morla-presentara-su-disco-mapas-concierto-7-de\" id=\"link_3\">nuevo disco &#8216;Mapas&#8217;<\/a> .<\/p>\n<p>En la tv, <A href=\"http:\/\/guia-tv.diariosur.es\/\" title=\"http:\/\/guia-tv.diariosur.es\/\" id=\"link_11\">El Barco<\/a>  volvi\u00f3 a superar la barrera del 20% del share y de rozar los cuatro millones de espectadores, con una diferencia de medio mill\u00f3n de personas contra el segundo clasificado, <A href=\"http:\/\/guia-tv.diariosur.es\/\" title=\"http:\/\/guia-tv.diariosur.es\/\" id=\"link_12\">La Rep\u00fablica<\/a> <strong><\/strong>, de <A href=\"http:\/\/guia-tv.diariosur.es\/\" title=\"http:\/\/guia-tv.diariosur.es\/\" id=\"link_13\">TVE<\/a> , seg\u00fan los datos de <A href=\"http:\/\/vertele.com\/\" title=\"http:\/\/vertele.com\" id=\"link_0\">vertele.com<\/a> .<\/p>\n","protected":false},"excerpt":{"rendered":"<p>La serie de Antena 3 en la que reina Mario Casas vuelve a liderar una vez m\u00e1s la noche de los lunes, por delante de La Rep\u00fablica . Pero Twitter es m\u00e1s un reflejo de esa realidad televisiva. Ainhoa y Ulises ya est\u00e1n saliendo en un apasionante pen\u00faltimo cap\u00edtulo de la primera temporada de El [&hellip;]<\/p>\n","protected":false},"author":7,"featured_media":0,"comment_status":"open","ping_status":"closed","sticky":false,"template":"","format":"standard","meta":[],"categories":[9],"tags":[459,467,483],"_links":{"self":[{"href":"https:\/\/blogs.diariosur.es\/soyfriki\/wp-json\/wp\/v2\/posts\/283"}],"collection":[{"href":"https:\/\/blogs.diariosur.es\/soyfriki\/wp-json\/wp\/v2\/posts"}],"about":[{"href":"https:\/\/blogs.diariosur.es\/soyfriki\/wp-json\/wp\/v2\/types\/post"}],"author":[{"embeddable":true,"href":"https:\/\/blogs.diariosur.es\/soyfriki\/wp-json\/wp\/v2\/users\/7"}],"replies":[{"embeddable":true,"href":"https:\/\/blogs.diariosur.es\/soyfriki\/wp-json\/wp\/v2\/comments?post=283"}],"version-history":[{"count":0,"href":"https:\/\/blogs.diariosur.es\/soyfriki\/wp-json\/wp\/v2\/posts\/283\/revisions"}],"wp:attachment":[{"href":"https:\/\/blogs.diariosur.es\/soyfriki\/wp-json\/wp\/v2\/media?parent=283"}],"wp:term":[{"taxonomy":"category","embeddable":true,"href":"https:\/\/blogs.diariosur.es\/soyfriki\/wp-json\/wp\/v2\/categories?post=283"},{"taxonomy":"post_tag","embeddable":true,"href":"https:\/\/blogs.diariosur.es\/soyfriki\/wp-json\/wp\/v2\/tags?post=283"}],"curies":[{"name":"wp","href":"https:\/\/api.w.org\/{rel}","templated":true}]}}