{"id":284,"date":"2011-04-12T20:20:00","date_gmt":"2011-04-12T20:20:00","guid":{"rendered":"http:\/\/blogs.diariosur.es\/tuenti-facebook\/?p=284"},"modified":"2011-04-12T20:20:00","modified_gmt":"2011-04-12T20:20:00","slug":"por-esta-salvame-twitter-cataluna-quiere-cambiarlo","status":"publish","type":"post","link":"https:\/\/blogs.diariosur.es\/soyfriki\/2011\/04\/12\/por-esta-salvame-twitter-cataluna-quiere-cambiarlo\/","title":{"rendered":"\u00bfPor qu\u00e9 est\u00e1 S\u00e1lvame en Twitter? Catalu\u00f1a quiere cambiarlo de hora"},"content":{"rendered":"<div>Ver cada d\u00eda a <strong>Bel\u00e9n Esteban<\/strong> contar todo sobre <strong>Jesul\u00edn de Ubrique<\/strong> y <strong>Andre\u00edta <\/strong>o escuchar c\u00f3mo <strong>Karmele Marchante <\/strong>contra <strong>Kiko Hern\u00e1ndez <\/strong>en <strong>S\u00e1lvame <\/strong>es perjudicial para los menores, seg\u00fan se desprende un estudio del <strong>Consell Audiovisual de Catalunya (CAC)<\/strong>. As\u00ed, el ente ha decidido solicitar al Ministerio de Industria que cambie la hora de emisi\u00f3n del programa de <strong>Telecinco<\/strong>.<\/div>\n<div>\n<\/div>\n<div>Por eso, y no por otra cosa, S\u00e1lvame ha pasado al<A href=\"http:\/\/blogs.diariosur.es\/tuenti-facebook\/tags\/topic\" title=\"http:\/\/blogs.diariosur.es\/tuenti-facebook\/tags\/topic\" id=\"link_0\"> Trending Topic<\/a> nacional. Aunque algunos no lo crean. Y posiblemente no lo vuelva a ser en la vida, as\u00ed que aprovechen ahora los <strong>Jorge Javier<\/strong> y compa\u00f1\u00eda. \u00bfNo quitaron los toros ? Pues eso, ahora sin <strong>S\u00e1lvame<\/strong>. \u00bfD\u00f3nde est\u00e1 la Espa\u00f1a Ca\u00f1\u00ed?<\/div>\n<div>\n<\/div>\n<div>\n<div>\n<blockquote><p><span class=\"Apple-style-span\" style=\"line-height: normal; \"><strong>S\u00e1lvame<\/strong><\/span>es TT. Por favor dime que lo son porque se han muerto todos.<\/p><\/blockquote>\n<\/div>\n<div>\n<\/div>\n<div>\n<blockquote><p><span class=\"Apple-style-span\" style=\"line-height: normal; \"><strong>S\u00e1lvame<\/strong><\/span>de s\u00e1lvame se\u00f1or.<\/p><\/blockquote>\n<\/div>\n<div>\n<\/div>\n<div>\n<blockquote><p><span class=\"Apple-style-span\" style=\"line-height: normal; \"><strong>S\u00e1lvame<\/strong><\/span>: \u00a1Qu\u00e9 finiquiten a Bel\u00e9n y a Kiko Hern\u00e1ndez, por Diooossss!, &#8230; no se pueden soportar, son barriobajerossss.<\/p><\/blockquote>\n<\/div>\n<div>\n<\/div>\n<div>\n<blockquote><p>Curioso que todo el mundo critique <strong>S\u00e1lvame <\/strong>pero es el programa con m\u00e1s audiencia&#8230;. <\/p><\/blockquote>\n<\/div>\n<div>\n<\/div>\n<div>\n<blockquote><p>En el pasado el &#8220;Op\u00eco del pueblo&#8221; era la religi\u00f3n, evolucionamos al f\u00fatbol y ahora digievolucionamos a #<span class=\"Apple-style-span\" style=\"line-height: normal; \"><strong>S\u00e1lvame<\/strong><\/span><\/p><\/blockquote>\n<\/div>\n<\/div>\n<div>\n<\/div>\n","protected":false},"excerpt":{"rendered":"<p>Ver cada d\u00eda a Bel\u00e9n Esteban contar todo sobre Jesul\u00edn de Ubrique y Andre\u00edta o escuchar c\u00f3mo Karmele Marchante contra Kiko Hern\u00e1ndez en S\u00e1lvame es perjudicial para los menores, seg\u00fan se desprende un estudio del Consell Audiovisual de Catalunya (CAC). As\u00ed, el ente ha decidido solicitar al Ministerio de Industria que cambie la hora de [&hellip;]<\/p>\n","protected":false},"author":7,"featured_media":0,"comment_status":"open","ping_status":"closed","sticky":false,"template":"","format":"standard","meta":[],"categories":[9],"tags":[459,467,483],"_links":{"self":[{"href":"https:\/\/blogs.diariosur.es\/soyfriki\/wp-json\/wp\/v2\/posts\/284"}],"collection":[{"href":"https:\/\/blogs.diariosur.es\/soyfriki\/wp-json\/wp\/v2\/posts"}],"about":[{"href":"https:\/\/blogs.diariosur.es\/soyfriki\/wp-json\/wp\/v2\/types\/post"}],"author":[{"embeddable":true,"href":"https:\/\/blogs.diariosur.es\/soyfriki\/wp-json\/wp\/v2\/users\/7"}],"replies":[{"embeddable":true,"href":"https:\/\/blogs.diariosur.es\/soyfriki\/wp-json\/wp\/v2\/comments?post=284"}],"version-history":[{"count":0,"href":"https:\/\/blogs.diariosur.es\/soyfriki\/wp-json\/wp\/v2\/posts\/284\/revisions"}],"wp:attachment":[{"href":"https:\/\/blogs.diariosur.es\/soyfriki\/wp-json\/wp\/v2\/media?parent=284"}],"wp:term":[{"taxonomy":"category","embeddable":true,"href":"https:\/\/blogs.diariosur.es\/soyfriki\/wp-json\/wp\/v2\/categories?post=284"},{"taxonomy":"post_tag","embeddable":true,"href":"https:\/\/blogs.diariosur.es\/soyfriki\/wp-json\/wp\/v2\/tags?post=284"}],"curies":[{"name":"wp","href":"https:\/\/api.w.org\/{rel}","templated":true}]}}