{"id":285,"date":"2011-04-13T11:24:00","date_gmt":"2011-04-13T11:24:00","guid":{"rendered":"http:\/\/blogs.diariosur.es\/tuenti-facebook\/?p=285"},"modified":"2011-04-13T11:24:00","modified_gmt":"2011-04-13T11:24:00","slug":"twitter-hoy-lio-jose-maria-garcia-y-eduardo-inda-veo-7","status":"publish","type":"post","link":"https:\/\/blogs.diariosur.es\/soyfriki\/2011\/04\/13\/twitter-hoy-lio-jose-maria-garcia-y-eduardo-inda-veo-7\/","title":{"rendered":"Twitter hoy: L\u00edo de Jos\u00e9 Mar\u00eda Garc\u00eda y Eduardo Inda en Veo 7"},"content":{"rendered":"<div>Pese a que <strong>Drogba<\/strong>, <strong>Chicharito<\/strong>, <strong>Torres <\/strong>y <strong>Giggs <\/strong>est\u00e1n hoy altos puestos en <A href=\"http:\/\/blogs.diariosur.es\/tuenti-facebook\/tags\/twitter\" title=\"http:\/\/blogs.diariosur.es\/tuenti-facebook\/tags\/twitter\" id=\"link_0\">Twitter <\/a> por la que se li\u00f3 anoche en el choque <strong>Chelsea<\/strong>&#8211;<strong>Manchester<\/strong>, la actualidad en<A href=\"http:\/\/blogs.diariosur.es\/tuenti-facebook\/tags\/twitter\" title=\"http:\/\/blogs.diariosur.es\/tuenti-facebook\/tags\/twitter\" id=\"link_1\"> la red social <\/a> estaba desde anoche en otra parte del f\u00fatbol. En la period\u00edstica de perfil bajo. <\/div>\n<div>\n<\/div>\n<div><A href=\"http:\/\/blogs.diariosur.es\/tuenti-facebook\/tags\/twitter\" title=\"http:\/\/blogs.diariosur.es\/tuenti-facebook\/tags\/twitter\" id=\"link_2\">Twitter<\/a> se llena desde anoche con el <A href=\"http:\/\/blogs.diariosur.es\/tuenti-facebook\/tags\/hashtag\" title=\"http:\/\/blogs.diariosur.es\/tuenti-facebook\/tags\/hashtag\" id=\"link_3\">hashtag <\/a> de <strong>Veo7 <\/strong>que se coloc\u00f3 como <A href=\"http:\/\/blogs.diariosur.es\/tuenti-facebook\/tags\/topic\" title=\"http:\/\/blogs.diariosur.es\/tuenti-facebook\/tags\/topic\" id=\"link_4\">trending topic<\/a>  del momento, acompa\u00f1ado por <strong>Jos\u00e9 Mar\u00eda Garc\u00eda<\/strong> y <strong>Eduardo Inda<\/strong>.<\/div>\n<div>\n<\/div>\n<div><IMG src=\"\/soyfriki\/wp-content\/uploads\/sites\/14\" id=\"img_0\" class=\"imgizqda\"><\/div>\n<div>\n<\/div>\n<div><strong>\u00bfQu\u00e9 ha pasado?<\/strong>\n<\/div>\n<div>\n<\/div>\n<div>Pues b\u00e1sicamente que <strong>Garc\u00eda <\/strong>le espet\u00f3 a <strong>Inda <\/strong>en su presentaci\u00f3n como director deportivo de <strong>Veo 7<\/strong>: <em>&#8220;Se\u00f1or jefe de prensa de don <strong>Florentino P\u00e9rez<\/strong>\u201d<\/em>. El careo era sobre el <strong>F.C. Barcelona &#8211; Real Madrid<\/strong>, con <strong>Pedro J. Ram\u00edrez<\/strong> como moderador. Todo acab\u00f3 un poco mal. Anoche volvi\u00f3<strong> el show de Garc\u00eda<\/strong> con sus t\u00edpicos improperios y frases c\u00e9lebres.<\/div>\n<div>\n<ul>\n<li>Para <strong>Inda<\/strong>: &#8220;Eres un <strong>abrazafarolas<\/strong>, un <strong>lametraserillos <\/strong>de tres al cuarto&#8221;. &#8220;<strong>Marca <\/strong>antes era un peri\u00f3dico plural y ahora es el bolet\u00edn del <strong>Real Madrid<\/strong>&#8220;.\n<\/li>\n<li>Para <strong>Florentino P\u00e9rez<\/strong>:  &#8220;Odio al presidente del <strong>Real Madrid<\/strong> porque es mala persona&#8221;.\n<\/li>\n<li>Para <strong>Pedro J.<\/strong>: \u201cT\u00fa dejas mucho que desear como amigo, prefiero a <strong>\u00c1gatha<\/strong>&#8220;.\n<\/li>\n<li>Para <strong>Aznar<\/strong>: &#8220;Ese se\u00f1or del bigote, un <strong>Franco<\/strong> en potencia&#8221;.\n<\/li>\n<li>Para <strong>Esperanza Aguirre<\/strong>: &#8220;\u00bfQui\u00e9n est\u00e1 pidiendo a conocidos empresarios madrile\u00f1os dinero para el partido de <strong>\u00c1lvarez Cascos<\/strong> en Asturias? Esperanza Aguirre&#8221;<\/li>\n<\/ul>\n<\/div>\n<div><IMG src=\"\/soyfriki\/wp-content\/uploads\/sites\/14\" id=\"img_1\" class=\"imgcen\"><\/div>\n<div><strong>Veo 7 <\/strong>ya ha conseguido lo que muchos anhelan, la relevancia en <A href=\"http:\/\/blogs.diariosur.es\/tuenti-facebook\/tags\/twitter\" title=\"http:\/\/blogs.diariosur.es\/tuenti-facebook\/tags\/twitter\" id=\"link_5\">Twitter<\/a> . Los datos de audiencia de hoy dir\u00e1n si mereci\u00f3 la pena.<\/div>\n","protected":false},"excerpt":{"rendered":"<p>Pese a que Drogba, Chicharito, Torres y Giggs est\u00e1n hoy altos puestos en Twitter por la que se li\u00f3 anoche en el choque Chelsea&#8211;Manchester, la actualidad en la red social estaba desde anoche en otra parte del f\u00fatbol. En la period\u00edstica de perfil bajo. Twitter se llena desde anoche con el hashtag de Veo7 que [&hellip;]<\/p>\n","protected":false},"author":7,"featured_media":0,"comment_status":"open","ping_status":"closed","sticky":false,"template":"","format":"standard","meta":[],"categories":[9],"tags":[220,459,467,483],"_links":{"self":[{"href":"https:\/\/blogs.diariosur.es\/soyfriki\/wp-json\/wp\/v2\/posts\/285"}],"collection":[{"href":"https:\/\/blogs.diariosur.es\/soyfriki\/wp-json\/wp\/v2\/posts"}],"about":[{"href":"https:\/\/blogs.diariosur.es\/soyfriki\/wp-json\/wp\/v2\/types\/post"}],"author":[{"embeddable":true,"href":"https:\/\/blogs.diariosur.es\/soyfriki\/wp-json\/wp\/v2\/users\/7"}],"replies":[{"embeddable":true,"href":"https:\/\/blogs.diariosur.es\/soyfriki\/wp-json\/wp\/v2\/comments?post=285"}],"version-history":[{"count":0,"href":"https:\/\/blogs.diariosur.es\/soyfriki\/wp-json\/wp\/v2\/posts\/285\/revisions"}],"wp:attachment":[{"href":"https:\/\/blogs.diariosur.es\/soyfriki\/wp-json\/wp\/v2\/media?parent=285"}],"wp:term":[{"taxonomy":"category","embeddable":true,"href":"https:\/\/blogs.diariosur.es\/soyfriki\/wp-json\/wp\/v2\/categories?post=285"},{"taxonomy":"post_tag","embeddable":true,"href":"https:\/\/blogs.diariosur.es\/soyfriki\/wp-json\/wp\/v2\/tags?post=285"}],"curies":[{"name":"wp","href":"https:\/\/api.w.org\/{rel}","templated":true}]}}