{"id":286,"date":"2011-04-13T13:55:00","date_gmt":"2011-04-13T13:55:00","guid":{"rendered":"http:\/\/blogs.diariosur.es\/tuenti-facebook\/?p=286"},"modified":"2011-04-13T13:55:00","modified_gmt":"2011-04-13T13:55:00","slug":"quedada-dos-punto-cero-aficionados-del-unicaja-molina","status":"publish","type":"post","link":"https:\/\/blogs.diariosur.es\/soyfriki\/2011\/04\/13\/quedada-dos-punto-cero-aficionados-del-unicaja-molina\/","title":{"rendered":"Quedada dos punto cero de aficionados del Unicaja en Molina Lario"},"content":{"rendered":"<p><IMG class=\"imgdcha\" src=\"\/\/www.amiando.com\/eventxml\/image.xml?eventPictureId=42861107&#038;width=480&#038;height=320\" id=\"img_0\">El <strong>Club Baloncesto M\u00e1laga<\/strong> &#8211; <strong>Unicaja<\/strong> celebra hoy una quedada 2.0 en el <strong>Hotel Molina Lario<\/strong>, a las 19.00 horas, para conocer de cerca a sus <strong>followers <\/strong>de <A href=\"..\/tuenti-facebook\/tags\/twitter\" title=\"http:\/\/blogs.diariosur.es\/tuenti-facebook\/tags\/twitter\" id=\"link_2\">Twitter <\/a> y sus <strong>fans <\/strong>de <A href=\"..\/tuenti-facebook\/tags\/facebook\" title=\"http:\/\/blogs.diariosur.es\/tuenti-facebook\/tags\/facebook\" id=\"link_3\">Facebook<\/a> .<\/p>\n<p>Si quieres conocer m\u00e1s puedes apuntarte en <A href=\"http:\/\/www.amiando.com\/quedadadospuntocero.html\" title=\"http:\/\/www.amiando.com\/quedadadospuntocero.html\" id=\"link_0\">amiando<\/a>.<\/p>\n<p>Podr\u00e1s conocer c\u00f3mo se hace un v\u00eddeo de <A href=\"..\/tuenti-facebook\/tags\/youtube\" title=\"http:\/\/blogs.diariosur.es\/tuenti-facebook\/tags\/youtube\" id=\"link_1\">youtube <\/a> y c\u00f3mo tuitean los jugadores.<\/p>\n","protected":false},"excerpt":{"rendered":"<p>El Club Baloncesto M\u00e1laga &#8211; Unicaja celebra hoy una quedada 2.0 en el Hotel Molina Lario, a las 19.00 horas, para conocer de cerca a sus followers de Twitter y sus fans de Facebook . Si quieres conocer m\u00e1s puedes apuntarte en amiando. Podr\u00e1s conocer c\u00f3mo se hace un v\u00eddeo de youtube y c\u00f3mo tuitean [&hellip;]<\/p>\n","protected":false},"author":7,"featured_media":0,"comment_status":"open","ping_status":"closed","sticky":false,"template":"","format":"standard","meta":[],"categories":[9],"tags":[],"_links":{"self":[{"href":"https:\/\/blogs.diariosur.es\/soyfriki\/wp-json\/wp\/v2\/posts\/286"}],"collection":[{"href":"https:\/\/blogs.diariosur.es\/soyfriki\/wp-json\/wp\/v2\/posts"}],"about":[{"href":"https:\/\/blogs.diariosur.es\/soyfriki\/wp-json\/wp\/v2\/types\/post"}],"author":[{"embeddable":true,"href":"https:\/\/blogs.diariosur.es\/soyfriki\/wp-json\/wp\/v2\/users\/7"}],"replies":[{"embeddable":true,"href":"https:\/\/blogs.diariosur.es\/soyfriki\/wp-json\/wp\/v2\/comments?post=286"}],"version-history":[{"count":0,"href":"https:\/\/blogs.diariosur.es\/soyfriki\/wp-json\/wp\/v2\/posts\/286\/revisions"}],"wp:attachment":[{"href":"https:\/\/blogs.diariosur.es\/soyfriki\/wp-json\/wp\/v2\/media?parent=286"}],"wp:term":[{"taxonomy":"category","embeddable":true,"href":"https:\/\/blogs.diariosur.es\/soyfriki\/wp-json\/wp\/v2\/categories?post=286"},{"taxonomy":"post_tag","embeddable":true,"href":"https:\/\/blogs.diariosur.es\/soyfriki\/wp-json\/wp\/v2\/tags?post=286"}],"curies":[{"name":"wp","href":"https:\/\/api.w.org\/{rel}","templated":true}]}}