{"id":289,"date":"2011-04-19T12:25:00","date_gmt":"2011-04-19T12:25:00","guid":{"rendered":"http:\/\/blogs.diariosur.es\/tuenti-facebook\/?p=289"},"modified":"2011-04-19T12:25:00","modified_gmt":"2011-04-19T12:25:00","slug":"twitter-por-tweetdeck","status":"publish","type":"post","link":"https:\/\/blogs.diariosur.es\/soyfriki\/2011\/04\/19\/twitter-por-tweetdeck\/","title":{"rendered":"Twitter, a por Tweetdeck"},"content":{"rendered":"<p>La red de microblogging m\u00e1s importante del mundo, <A href=\"..\/tuenti-facebook\/tags\/twitter\" title=\"http:\/\/blogs.diariosur.es\/tuenti-facebook\/tags\/twitter\" id=\"link_5\">Twitter<\/a> , est\u00e1 en negociaciones con TweetDeck, empresa de 15 empleados de Reino Unido. <A href=\"..\/tuenti-facebook\/tags\/tweetdeck\" title=\"http:\/\/blogs.diariosur.es\/tuenti-facebook\/tags\/tweetdeck\" id=\"link_6\">TweetDeck <\/a> es un cliente para <A href=\"..\/tuenti-facebook\/tags\/twitter\" title=\"http:\/\/blogs.diariosur.es\/tuenti-facebook\/tags\/twitter\" id=\"link_0\">Twitter<\/a> , <A href=\"..\/tuenti-facebook\/tags\/facebook\" title=\"http:\/\/blogs.diariosur.es\/tuenti-facebook\/tags\/facebook\" id=\"link_1\">Facebook<\/a> , <A href=\"..\/tuenti-facebook\/tags\/myspace\" title=\"http:\/\/blogs.diariosur.es\/tuenti-facebook\/tags\/myspace\" id=\"link_2\">MySpace <\/a> y otras compa\u00f1\u00edas. Las cifras rondan los 50 millones de d\u00f3lares (35 millones de euros). Seg\u00fan &#8216;<A href=\"http:\/\/europe.wsj.com\/home-page\" title=\"http:\/\/europe.wsj.com\/home-page\" id=\"link_8\">The Wall Street Journal<\/a>&#8216;, el acuerdo a\u00fan no est\u00e1 cerrado.<\/p>\n<p>Todav\u00eda no se sabe qu\u00e9 aplicaci\u00f3n tendr\u00e1 la adquisici\u00f3n de <A href=\"..\/tuenti-facebook\/tags\/tweetdeck\" title=\"http:\/\/blogs.diariosur.es\/tuenti-facebook\/tags\/tweetdeck\" id=\"link_4\">TweetDeck <\/a> por parte de <A href=\"..\/tuenti-facebook\/tags\/twitter\" title=\"http:\/\/blogs.diariosur.es\/tuenti-facebook\/tags\/twitter\" id=\"link_3\">Twitter <\/a> ya que recientemente ha adquirido siete empresas peque\u00f1as de las que no ha trascendido ning\u00fan dato. Hay dos aspectos a tener en cuenta en este sentido: que a <A href=\"..\/tuenti-facebook\/tags\/twitter\" title=\"http:\/\/blogs.diariosur.es\/tuenti-facebook\/tags\/twitter\" id=\"link_7\">Twitter <\/a> le interesa reducir el impacto de las aplicaciones clientes -que le &#8220;roban&#8221; publicidad- y que la compa\u00f1\u00eda tiene problemas para fidelizar a nuevos usuarios.<\/p>\n<p><IMG src=\"\/\/assets.tweetdeck.com\/splashes\/features_home_pc.png\" height=\"474\" width=\"589\"><\/p>\n","protected":false},"excerpt":{"rendered":"<p>La red de microblogging m\u00e1s importante del mundo, Twitter , est\u00e1 en negociaciones con TweetDeck, empresa de 15 empleados de Reino Unido. TweetDeck es un cliente para Twitter , Facebook , MySpace y otras compa\u00f1\u00edas. Las cifras rondan los 50 millones de d\u00f3lares (35 millones de euros). Seg\u00fan &#8216;The Wall Street Journal&#8216;, el acuerdo a\u00fan [&hellip;]<\/p>\n","protected":false},"author":7,"featured_media":0,"comment_status":"open","ping_status":"closed","sticky":false,"template":"","format":"standard","meta":[],"categories":[2,9],"tags":[165,317,476,483],"_links":{"self":[{"href":"https:\/\/blogs.diariosur.es\/soyfriki\/wp-json\/wp\/v2\/posts\/289"}],"collection":[{"href":"https:\/\/blogs.diariosur.es\/soyfriki\/wp-json\/wp\/v2\/posts"}],"about":[{"href":"https:\/\/blogs.diariosur.es\/soyfriki\/wp-json\/wp\/v2\/types\/post"}],"author":[{"embeddable":true,"href":"https:\/\/blogs.diariosur.es\/soyfriki\/wp-json\/wp\/v2\/users\/7"}],"replies":[{"embeddable":true,"href":"https:\/\/blogs.diariosur.es\/soyfriki\/wp-json\/wp\/v2\/comments?post=289"}],"version-history":[{"count":0,"href":"https:\/\/blogs.diariosur.es\/soyfriki\/wp-json\/wp\/v2\/posts\/289\/revisions"}],"wp:attachment":[{"href":"https:\/\/blogs.diariosur.es\/soyfriki\/wp-json\/wp\/v2\/media?parent=289"}],"wp:term":[{"taxonomy":"category","embeddable":true,"href":"https:\/\/blogs.diariosur.es\/soyfriki\/wp-json\/wp\/v2\/categories?post=289"},{"taxonomy":"post_tag","embeddable":true,"href":"https:\/\/blogs.diariosur.es\/soyfriki\/wp-json\/wp\/v2\/tags?post=289"}],"curies":[{"name":"wp","href":"https:\/\/api.w.org\/{rel}","templated":true}]}}