{"id":330,"date":"2011-09-17T10:00:40","date_gmt":"2011-09-17T09:00:40","guid":{"rendered":"http:\/\/blogs.diariosur.es\/tuenti-facebook\/?p=330"},"modified":"2011-09-17T10:00:40","modified_gmt":"2011-09-17T09:00:40","slug":"congreso-de-buenas-practicas-en-gestion-de-proyectos-y-servicios-6-de-octubre-en-sevilla","status":"publish","type":"post","link":"https:\/\/blogs.diariosur.es\/soyfriki\/2011\/09\/17\/congreso-de-buenas-practicas-en-gestion-de-proyectos-y-servicios-6-de-octubre-en-sevilla\/","title":{"rendered":"Congreso de Buenas Practicas en Gesti\u00f3n de Proyectos y Servicios, 6 de octubre en Sevilla"},"content":{"rendered":"<p>La\u00a0<strong>Asociaci\u00f3n Espa\u00f1ola de Profesionales en Direcci\u00f3n de Proyectos (AEPDP)<\/strong> ha convocado el <strong>&#8216;Primer Congreso Iberoamericano de Buenas Practicas en Gesti\u00f3n de Proyectos y Servicios&#8217;<\/strong> para el dia <strong>6 de octubre<\/strong>, en Sevilla. \u00a0Un encuentro interesante que\u00a0contar\u00e1 con la participaci\u00f3n de los mejores ponentes, provenientes desde M\u00e9xico, Portugal, Argentina o Espa\u00f1a. Se tratar\u00e1n temas de que van desde las nuevas tecnolog\u00edas al capital humano, \u00a0y desde \u00f3pticas muy variadas, \u00a0con empresas como <strong>Microsoft<\/strong> o <strong>Accenture<\/strong>.<\/p>\n<p><a href=\"\/soyfriki\/wp-content\/uploads\/sites\/14\/2011\/09\/Banner-Congreso-AEPDP111.png\"><img loading=\"lazy\" class=\"aligncenter size-full wp-image-331\" title=\"Congreso AEPDP 2011 Sevilla\" src=\"\/soyfriki\/wp-content\/uploads\/sites\/14\/2011\/09\/Banner-Congreso-AEPDP111.png\" alt=\"Congreso AEPDP 2011 Sevilla\" width=\"600\" height=\"191\" srcset=\"https:\/\/static-blogs.diariosur.es\/wp-content\/uploads\/sites\/14\/2011\/09\/Banner-Congreso-AEPDP111.png 600w, https:\/\/static-blogs.diariosur.es\/wp-content\/uploads\/sites\/14\/2011\/09\/Banner-Congreso-AEPDP111-300x96.png 300w\" sizes=\"(max-width: 600px) 100vw, 600px\" \/><\/a><\/p>\n<p>Este es el programa, por si os interesa:<\/p>\n<p><span style=\"text-decoration: underline;\">\u2022 9,30 h: Inauguraci\u00f3n del I Congreso Iberoamericano de Buenas Pr\u00e1cticas en Gesti\u00f3n de Proyectos y Servicios.<\/span><\/p>\n<p><span style=\"text-decoration: underline;\">\u2022 10,00 h: Panel I: \u201cBUENAS PR\u00c1CTICAS EN LA GESTI\u00d3N DE PROYECTOS Y LAS TIC\u201d<\/span><br \/>\nPonentes<br \/>\nD. Ricardo Santiago, Impacto del Cloud en la gesti\u00f3n de servicios TIC, EXIN<br \/>\nD. Vicente Rubio, Gesti\u00f3n de Cartera de Proyectos con Microsoft Project 2010: Casos de \u00e9xito, Microsoft<br \/>\nD. Juan Luis Egido, La gesti\u00f3n TI como base para la excelencia empresarial, CA Technologies<br \/>\nD. Daniel Echeverr\u00eda-Jadraque, Dime c\u00f3mo es tu proyecto y te dir\u00e9 qu\u00e9 m\u00e9todo no elegir. M\u00e9todos \u00e1giles vs m\u00e9todos tradicionales<\/p>\n<p><span style=\"text-decoration: underline;\">\u2022 12,30 h: Continuaci\u00f3n Panel I<\/span><br \/>\nD. Marlon Molina, Creando tecnolog\u00eda invisible, Tecnofor<br \/>\nD. Pau Severa, Buenas pr\u00e1cticas para gestionar la complejidad desde el monoproyecto al multiproyecto: velocidad, predecibilidad y productividad con CCPM, Teoc\u00e9 Consultores<br \/>\nD. Ricardo Panero y D. Jaime Mata, Consecuci\u00f3n de objetivos mediante la alta madurez de CMMI, Accenture<\/p>\n<p><span style=\"text-decoration: underline;\">\u2022 16:00 h Panel II: \u201cBUENAS PR\u00c1CTICAS Y EL VALOR DE LAS PERSONAS\u201d.<\/span><br \/>\nPonentes<br \/>\nD. Javier Romero Esteban, \u00bfDe qu\u00e9 hablamos cuando hablamos de multiculturalidad? Pernod Ricard<br \/>\nD. Luis Miguel Rosa, Desarrollo del capital humano en las TIC, de 0 a 100, ICT Human Capital<br \/>\nD\u00f1a. Lorena Perdomo, El poder del Coaching en la gesti\u00f3n de proyectos, Avanza Proyectos<br \/>\nD. Miguel \u00c1ngel Romero, Herramientas para mejorar la implicaci\u00f3n de nuestros recursos en los proyectos, HRCS<\/p>\n<p><span style=\"text-decoration: underline;\">\u2022 18:00 h Panel III: \u201cBUENAS PR\u00c1CTICAS Y SU APLICACI\u00d3N PRACTICA\u201d<\/span><br \/>\nPonentes<br \/>\nD. Vicente Devesa Poveda, La edificaci\u00f3n y el Project Management. Cemec Innova<br \/>\nD. Alfonso Tienda y D. Carlos Peris, Implantaci\u00f3n de metodolog\u00edas de Direcci\u00f3n de Proyectos en las organizaciones. Caso pr\u00e1ctico en la Sanidad Valenciana. IProcuratio Consultores<br \/>\nD. Nacho Albiol, Impacto del Portfolio de Proyectos en el coste de la estrategia. OdPe<br \/>\nD. Joao Manuel Rodrigues, Ayudar a las organizaciones a reducir costes y aumentar la excelencia de sus servicios, PeopleCert<br \/>\nD. Alejandro Debenedet, Los beneficios de la certificaci\u00f3n profesional: realidad y mitos. itSMF International<\/p>\n<p><strong>Que sep\u00e1is que la entrada es libre para todos los profesionales y empresas que deseen asistir al congreso, solo deber\u00e1n registrarse en la Web de la AEPDP: <a href=\"http:\/\/aepdp.es\/eventos\/congreso-aepdp \" target=\"_blank\" rel=\"external nofollow\">http:\/\/aepdp.es\/eventos\/congreso-aepdp <\/a><\/strong><\/p>\n","protected":false},"excerpt":{"rendered":"<p>La\u00a0Asociaci\u00f3n Espa\u00f1ola de Profesionales en Direcci\u00f3n de Proyectos (AEPDP) ha convocado el &#8216;Primer Congreso Iberoamericano de Buenas Practicas en Gesti\u00f3n de Proyectos y Servicios&#8217; para el dia 6 de octubre, en Sevilla. \u00a0Un encuentro interesante que\u00a0contar\u00e1 con la participaci\u00f3n de los mejores ponentes, provenientes desde M\u00e9xico, Portugal, Argentina o Espa\u00f1a. Se tratar\u00e1n temas de que [&hellip;]<\/p>\n","protected":false},"author":7,"featured_media":0,"comment_status":"open","ping_status":"closed","sticky":false,"template":"","format":"standard","meta":[],"categories":[13],"tags":[],"_links":{"self":[{"href":"https:\/\/blogs.diariosur.es\/soyfriki\/wp-json\/wp\/v2\/posts\/330"}],"collection":[{"href":"https:\/\/blogs.diariosur.es\/soyfriki\/wp-json\/wp\/v2\/posts"}],"about":[{"href":"https:\/\/blogs.diariosur.es\/soyfriki\/wp-json\/wp\/v2\/types\/post"}],"author":[{"embeddable":true,"href":"https:\/\/blogs.diariosur.es\/soyfriki\/wp-json\/wp\/v2\/users\/7"}],"replies":[{"embeddable":true,"href":"https:\/\/blogs.diariosur.es\/soyfriki\/wp-json\/wp\/v2\/comments?post=330"}],"version-history":[{"count":0,"href":"https:\/\/blogs.diariosur.es\/soyfriki\/wp-json\/wp\/v2\/posts\/330\/revisions"}],"wp:attachment":[{"href":"https:\/\/blogs.diariosur.es\/soyfriki\/wp-json\/wp\/v2\/media?parent=330"}],"wp:term":[{"taxonomy":"category","embeddable":true,"href":"https:\/\/blogs.diariosur.es\/soyfriki\/wp-json\/wp\/v2\/categories?post=330"},{"taxonomy":"post_tag","embeddable":true,"href":"https:\/\/blogs.diariosur.es\/soyfriki\/wp-json\/wp\/v2\/tags?post=330"}],"curies":[{"name":"wp","href":"https:\/\/api.w.org\/{rel}","templated":true}]}}