{"id":333,"date":"2011-09-13T17:19:30","date_gmt":"2011-09-13T16:19:30","guid":{"rendered":"http:\/\/blogs.diariosur.es\/tuenti-facebook\/?p=333"},"modified":"2011-09-13T17:19:30","modified_gmt":"2011-09-13T16:19:30","slug":"premios-agripina-malaga-charlas-marketing-online","status":"publish","type":"post","link":"https:\/\/blogs.diariosur.es\/soyfriki\/2011\/09\/13\/premios-agripina-malaga-charlas-marketing-online\/","title":{"rendered":"Los Premios Agripina debaten sobre marketing online en el Cine Alb\u00e9niz"},"content":{"rendered":"<p>El <strong>jueves 15 de septiembre<\/strong> se celebra la gala de la primera edici\u00f3n de los <strong><a href=\"http:\/\/www.premiosdepublicidadagripina.es\" target=\"_blank\" rel=\"external nofollow\">Premios de Publicidad Agripina<\/a><\/strong>, que tendr\u00e1 lugar \u00a0a partir de las nueve de la noche en el<strong> cine Alb\u00e9niz\u00a0de M\u00e1laga<\/strong> (calle Alcazabilla, n\u00famero 4).\u00a0Pero antes de que arranque la gala, el Alb\u00e9niz se convertir\u00e1 en el centro de las actividades paralelas del evento.<!--more--><br \/>\n<a href=\"\/soyfriki\/wp-content\/uploads\/sites\/14\/2011\/09\/cinealbeniz.jpg\"><img loading=\"lazy\" class=\"aligncenter size-full wp-image-334\" title=\"Cine Albeniz Malaga\" src=\"\/soyfriki\/wp-content\/uploads\/sites\/14\/2011\/09\/cinealbeniz.jpg\" alt=\"Cine Albeniz Malaga\" width=\"660\" height=\"254\" srcset=\"https:\/\/static-blogs.diariosur.es\/wp-content\/uploads\/sites\/14\/2011\/09\/cinealbeniz.jpg 660w, https:\/\/static-blogs.diariosur.es\/wp-content\/uploads\/sites\/14\/2011\/09\/cinealbeniz-300x115.jpg 300w\" sizes=\"(max-width: 660px) 100vw, 660px\" \/><\/a><\/p>\n<p>Una serie de charlas -gratuitas hasta completar aforo- que arrancan a las 10 de la ma\u00f1ana con<a href=\"http:\/\/www.facebook.com\/event.php?eid=274239649253526\" target=\"_blank\" rel=\"external nofollow\"> <strong>\u2018La importancia del Community Manager\u2019<\/strong><\/a>, que impartir\u00e1 la agencia malague\u00f1a<strong> Avanza Comunicaci\u00f3n<\/strong>.\u00a0La siguiente charla correr\u00e1 a cargo de<a href=\"http:\/\/twitter.com\/borjaberzosa\" target=\"_blank\" rel=\"external nofollow\"> Borja Berzosa<\/a>, de <strong>Google Espa\u00f1a<\/strong>, que debatir\u00e1 sobre las opciones para rentabilizar un negocio a trav\u00e9s de Internet en <strong><a href=\"http:\/\/www.facebook.com\/event.php?eid=217399464982128\" target=\"_blank\" rel=\"external nofollow\">\u2018Marketing en la era digital\u2019<\/a><\/strong>, que arrancar\u00e1 a las 11.30.<\/p>\n<p>Y antes de que termine la jornada, le tocar\u00e1 el turno a <strong><a href=\"http:\/\/twitter.com\/#!\/agustin13\" target=\"_blank\" rel=\"external nofollow\">Agust\u00edn Medina<\/a><\/strong>, miembro de honor de la<strong> Academia Espa\u00f1ola de la Publicidad<\/strong> y consultor estrat\u00e9gico en comunicaci\u00f3n y marketing, que impartir\u00e1 la charla titulada<strong><a href=\"http:\/\/www.facebook.com\/event.php?eid=112026225570646\" target=\"_blank\" rel=\"external nofollow\"> \u2018El mundo de las ideas\u2019<\/a><\/strong> a partir de las 13 horas. Por la tarde cerrar\u00e1\u00a0con una firma de libros que tendr\u00e1 lugar en <strong>Fnac M\u00e1laga<\/strong> a partir de las 18 horas.<\/p>\n","protected":false},"excerpt":{"rendered":"<p>El jueves 15 de septiembre se celebra la gala de la primera edici\u00f3n de los Premios de Publicidad Agripina, que tendr\u00e1 lugar \u00a0a partir de las nueve de la noche en el cine Alb\u00e9niz\u00a0de M\u00e1laga (calle Alcazabilla, n\u00famero 4).\u00a0Pero antes de que arranque la gala, el Alb\u00e9niz se convertir\u00e1 en el centro de las actividades [&hellip;]<\/p>\n","protected":false},"author":7,"featured_media":0,"comment_status":"open","ping_status":"closed","sticky":false,"template":"","format":"standard","meta":[],"categories":[7],"tags":[28,106,292,374],"_links":{"self":[{"href":"https:\/\/blogs.diariosur.es\/soyfriki\/wp-json\/wp\/v2\/posts\/333"}],"collection":[{"href":"https:\/\/blogs.diariosur.es\/soyfriki\/wp-json\/wp\/v2\/posts"}],"about":[{"href":"https:\/\/blogs.diariosur.es\/soyfriki\/wp-json\/wp\/v2\/types\/post"}],"author":[{"embeddable":true,"href":"https:\/\/blogs.diariosur.es\/soyfriki\/wp-json\/wp\/v2\/users\/7"}],"replies":[{"embeddable":true,"href":"https:\/\/blogs.diariosur.es\/soyfriki\/wp-json\/wp\/v2\/comments?post=333"}],"version-history":[{"count":0,"href":"https:\/\/blogs.diariosur.es\/soyfriki\/wp-json\/wp\/v2\/posts\/333\/revisions"}],"wp:attachment":[{"href":"https:\/\/blogs.diariosur.es\/soyfriki\/wp-json\/wp\/v2\/media?parent=333"}],"wp:term":[{"taxonomy":"category","embeddable":true,"href":"https:\/\/blogs.diariosur.es\/soyfriki\/wp-json\/wp\/v2\/categories?post=333"},{"taxonomy":"post_tag","embeddable":true,"href":"https:\/\/blogs.diariosur.es\/soyfriki\/wp-json\/wp\/v2\/tags?post=333"}],"curies":[{"name":"wp","href":"https:\/\/api.w.org\/{rel}","templated":true}]}}