{"id":352,"date":"2011-09-15T17:17:47","date_gmt":"2011-09-15T16:17:47","guid":{"rendered":"http:\/\/blogs.diariosur.es\/tuenti-facebook\/?p=352"},"modified":"2011-09-15T17:17:47","modified_gmt":"2011-09-15T16:17:47","slug":"el-twitter-de-mariano-rajoy-marianorajoy-y-sus-colaboradores","status":"publish","type":"post","link":"https:\/\/blogs.diariosur.es\/soyfriki\/2011\/09\/15\/el-twitter-de-mariano-rajoy-marianorajoy-y-sus-colaboradores\/","title":{"rendered":"El Twitter de Mariano Rajoy (@marianorajoy) y sus colaboradores"},"content":{"rendered":"<p>El presidente del PP, <a href=\"http:\/\/twitter.com\/marianorajoy\" target=\"_blank\" rel=\"external nofollow\">Mariano Rajoy<\/a>, ha estrenado hoy su cuenta de <strong>Twitter<\/strong> y ha decidido que la gestionar\u00e1n sus colaboradores pero que tambi\u00e9n incluir\u00e1 mensajes que escribir\u00e1 \u00e9l mismo y que firmar\u00e1 con<strong> las iniciales MR<\/strong>. Pues es una fant\u00e1stica idea, porque como hace la propia<a href=\"http:\/\/twitter.com\/#!\/EsperanzAguirre\" target=\"_blank\" rel=\"external nofollow\"> Esperanza Aguirre<\/a> (PP) o su rival directo, <a href=\"http:\/\/twitter.com\/#!\/conRubalcaba\" target=\"_blank\" rel=\"external nofollow\">Alfredo P\u00e9rez Rubalcaba<\/a> (PSOE). Mejor es tener un <strong>control 24\/7<\/strong> sobre todo lo que ocurre con un equipo de confianza, que desconfiar de todos y acabar sucumbiendo en la avalancha de cosas que te tuitean.<!--more--><\/p>\n<p><a href=\"\/soyfriki\/wp-content\/uploads\/sites\/14\/2011\/09\/mariano-rajoy-twitter.jpg\"><img loading=\"lazy\" class=\"alignright size-medium wp-image-353\" title=\"mariano-rajoy-twitter\" src=\"\/soyfriki\/wp-content\/uploads\/sites\/14\/2011\/09\/mariano-rajoy-twitter.jpg\" alt=\"\" width=\"300\" height=\"269\" srcset=\"https:\/\/static-blogs.diariosur.es\/wp-content\/uploads\/sites\/14\/2011\/09\/mariano-rajoy-twitter.jpg 528w, https:\/\/static-blogs.diariosur.es\/wp-content\/uploads\/sites\/14\/2011\/09\/mariano-rajoy-twitter-300x269.jpg 300w\" sizes=\"(max-width: 300px) 100vw, 300px\" \/><\/a>El equipo de Rajoy ha creado la cuenta, claro est\u00e1, cara a las <a href=\"http:\/\/www.diariosur.es\/rc\/20110729\/espana\/zapatero-adelantara-elecciones-noviembre-201107291203.html\" target=\"_blank\" rel=\"external nofollow\">elecciones generales del 20N <\/a>y con la vista puesta en el candidato socialista, Alfredo P\u00e9rez Rubalcaba, cuyo equipo de campa\u00f1a tiene ya m\u00e1s de 26.000 followers.<\/p>\n<p>Un poco tarde llega Rajoy, creo. Pero es mejor pens\u00e1rselo dos veces antes que meter la pata, como hacen algunos alcaldes de provincias. Su primer tuit tampoco ha sido revolucionario:\u00a0 <em>&#8220;En el AVE llegando a Barcelona. A pesar de mi inexperiencia estreno con ilusi\u00f3n mi Twitter en el que cuento con todos. MR&#8221;<\/em>. Pero esto es Twitter, \u00bfno?<\/p>\n<p>\u00bfDe d\u00f3nde viene todo esto? De un acuerdo para limitar la publicidad electoral, as\u00ed que las redes sociales es uno de los instrumentos que est\u00e1n potenciando los partidos pol\u00edticos para difundir sus mensajes y llegar a m\u00e1s gente. Por lo pronto, <a href=\"http:\/\/twitter.com\/psoe\" target=\"_blank\" rel=\"external nofollow\">la cuenta oficial del PSOE<\/a> tiene m\u00e1s de 31.000 seguidores mientras que la cuenta del <a href=\"http:\/\/twitter.com\/PPopular\" target=\"_blank\" rel=\"external nofollow\">Partido Popular<\/a>, por su parte, tiene casi 29.000 seguidores. \u00bfAvance electoral?<\/p>\n","protected":false},"excerpt":{"rendered":"<p>El presidente del PP, Mariano Rajoy, ha estrenado hoy su cuenta de Twitter y ha decidido que la gestionar\u00e1n sus colaboradores pero que tambi\u00e9n incluir\u00e1 mensajes que escribir\u00e1 \u00e9l mismo y que firmar\u00e1 con las iniciales MR. Pues es una fant\u00e1stica idea, porque como hace la propia Esperanza Aguirre (PP) o su rival directo, Alfredo [&hellip;]<\/p>\n","protected":false},"author":7,"featured_media":0,"comment_status":"open","ping_status":"closed","sticky":false,"template":"","format":"standard","meta":[],"categories":[8,11],"tags":[366,483],"_links":{"self":[{"href":"https:\/\/blogs.diariosur.es\/soyfriki\/wp-json\/wp\/v2\/posts\/352"}],"collection":[{"href":"https:\/\/blogs.diariosur.es\/soyfriki\/wp-json\/wp\/v2\/posts"}],"about":[{"href":"https:\/\/blogs.diariosur.es\/soyfriki\/wp-json\/wp\/v2\/types\/post"}],"author":[{"embeddable":true,"href":"https:\/\/blogs.diariosur.es\/soyfriki\/wp-json\/wp\/v2\/users\/7"}],"replies":[{"embeddable":true,"href":"https:\/\/blogs.diariosur.es\/soyfriki\/wp-json\/wp\/v2\/comments?post=352"}],"version-history":[{"count":0,"href":"https:\/\/blogs.diariosur.es\/soyfriki\/wp-json\/wp\/v2\/posts\/352\/revisions"}],"wp:attachment":[{"href":"https:\/\/blogs.diariosur.es\/soyfriki\/wp-json\/wp\/v2\/media?parent=352"}],"wp:term":[{"taxonomy":"category","embeddable":true,"href":"https:\/\/blogs.diariosur.es\/soyfriki\/wp-json\/wp\/v2\/categories?post=352"},{"taxonomy":"post_tag","embeddable":true,"href":"https:\/\/blogs.diariosur.es\/soyfriki\/wp-json\/wp\/v2\/tags?post=352"}],"curies":[{"name":"wp","href":"https:\/\/api.w.org\/{rel}","templated":true}]}}